{"id":124317,"date":"2025-05-24T10:49:14","date_gmt":"2025-05-24T10:49:14","guid":{"rendered":"https:\/\/www.europesays.com\/fr\/124317\/"},"modified":"2025-05-24T10:49:14","modified_gmt":"2025-05-24T10:49:14","slug":"cette-marque-de-cosmetiques-cartonne-et-ouvre-enfin-sa-boutique-a-lille","status":"publish","type":"post","link":"https:\/\/www.europesays.com\/fr\/124317\/","title":{"rendered":"Cette marque de cosm\u00e9tiques cartonne et ouvre enfin sa boutique \u00e0 Lille"},"content":{"rendered":"<p>            Par<br \/>\n        <strong><br \/>\n            <a href=\"https:\/\/actu.fr\/auteur\/hervine-mahaud\" title=\"Consulter tous les articles de Hervine Mahaud\" rel=\"nofollow noopener\" target=\"_blank\">Hervine Mahaud<\/a><br \/>\n        <\/strong><\/p>\n<p>        Publi\u00e9 le<\/p>\n<p>            24 mai 2025 \u00e0 11h40        <\/p>\n<p>\u00ab\u00a0Finis les produits louches sous la douche !\u00a0\u00bb C\u2019est avec cette petite formule bien tourn\u00e9e que la marque fran\u00e7aise <b>Unbottled<\/b> s\u2019est fait conna\u00eetre. N\u00e9e en 2020, elle a fait le pari de <b>r\u00e9duire drastiquement le plastique pr\u00e9sent dans nos salles de bain<\/b> en lan\u00e7ant une <b>gamme compl\u00e8te de cosm\u00e9tiques solides<\/b>. Apr\u00e8s des ouvertures r\u00e9ussies \u00e0 Paris et dans des grandes villes de France, <a href=\"https:\/\/unbottled.co\/\" rel=\"nofollow noopener\" target=\"_blank\">Unbottled<\/a> a ouvert sa 7\u00e8me boutique mercredi 21 mai 2025, en plein c\u0153ur du <b>Vieux-Lille<\/b>.\u00a0<\/p>\n<p>Transformer l\u2019industrie cosm\u00e9tique et la rendre plus \u00e9co-responsable<\/p>\n<p class=\" wall-content\">Et cette inauguration \u00e9tait pour le moins tr\u00e8s attendue par les clients nordistes, venus nombreux d\u00e8s l\u2019ouverture, au <b>20, rue des Chats Bossus<\/b>. \u00ab\u00a0Lille revenait sans cesse dans les demandes d\u2019ouverture de boutique que nous recevons r\u00e9guli\u00e8rement. Et nous y avons d\u00e9j\u00e0 beaucoup de clients qui passent commande sur internet. Apr\u00e8s avoir ouvert 6 autres boutiques, il \u00e9tait important pour nous de faire mousser le Vieux-Lille avec nos produits\u00a0\u00bb, sourit Sarah Pouchet, co-fondatrice d\u2019Unbottled.\u00a0<\/p>\n<p>    <img   decoding=\"async\" loading=\"lazy\" class=\"size-large\" src=\"https:\/\/www.europesays.com\/fr\/wp-content\/uploads\/2025\/05\/c1437d4730386e5437d473038b9437v-960x640.jpg\" alt=\"La marque Unbottled permet d'abandonner le plastique, pr\u00e9sent en masse dans nos salles de bain.\" width=\"960\" height=\"640\"\/><br \/>\n    La marque Unbottled permet d\u2019abandonner le plastique, pr\u00e9sent en masse dans nos salles de bain. \u00a9Hervine Mahaud<\/p>\n<p class=\" wall-content\">Car en \u00e0 peine 5 ans, la <b>jeune marque<\/b>\u00a0a r\u00e9ussi \u00e0 se faire une place de choix dans les salles de bain des Fran\u00e7ais. Un pari r\u00e9ussi pour Sarah Pouchet, et son associ\u00e9, Benjamin Legros. Encore fallait-il oser se lancer. \u00ab\u00a0\u00c0 30 ans, apr\u00e8s avoir travaill\u00e9 pour des grands noms de l\u2019industrie cosm\u00e9tique, j\u2019ai d\u00e9missionn\u00e9. Je voulais monter un <b>projet \u00e0 impact<\/b> pour retrouver du sens dans ma vie professionnelle.\u00a0\u00bb<\/p>\n<p class=\" wall-content\">Durant 6 mois, Sarah Pouchet fait un mini tour du monde pour interviewer des entrepreneurs fran\u00e7ais, tout en cherchant son inspiration. C\u2019est \u00e0 son retour en France, en constatant sa <b>sur-consommation de produits<\/b> lors de ce voyage, qu\u2019elle trouve l\u2019id\u00e9e. Et rencontre aussi Benjamin, son associ\u00e9. \u00ab\u00a0Je lui ai propos\u00e9 l\u2019id\u00e9e d\u2019Unbottled avec l\u2019ambition d\u2019<b>utiliser mes connaissance de l\u2019industrie cosm\u00e9tique pour la transformer de l\u2019int\u00e9rieur et la rendre plus \u00e9co-responsable<\/b>\u00ab\u00a0, raconte l\u2019entrepreneuse.<\/p>\n<p>La marque vendue chez Sephora et dans les pharmacies<\/p>\n<p class=\" wall-content\">Trois premiers produits sont lanc\u00e9s \u00e0 l\u2019\u00e9t\u00e9 2020, et les stocks s\u2019\u00e9coulent \u00e0 une vitesse folle. Sarah est rassur\u00e9e : les Fran\u00e7ais sont eux aussi d\u00e9termin\u00e9s \u00e0 <b>r\u00e9duire leur consommation de plastique<\/b>. Car avec <b>360 millions de bouteilles de gels douche ou shampoing jet\u00e9es chaque ann\u00e9e<\/b>, rien qu\u2019en France, il y a un v\u00e9ritable march\u00e9 \u00e0 prendre, et de bonnes habitudes \u00e0 int\u00e9grer au quotidien des consommateurs.<\/p>\n<p>    <img   decoding=\"async\" loading=\"lazy\" class=\"size-large\" src=\"https:\/\/www.europesays.com\/fr\/wp-content\/uploads\/2025\/05\/b2537d4730386e6537d473038ea537v-960x640.jpg\" alt=\"Des soins pour le corps, le visage, les cheveux... On retrouve tous les essentiels de la salle de bain.\" width=\"960\" height=\"640\"\/><br \/>\n    Des soins pour le corps, le visage, les cheveux\u2026 On retrouve tous les essentiels de la salle de bain. \u00a9Hervine Mahaud<\/p>\n<p class=\" wall-content\">D\u2019abord vendue en ligne, la marque Unbottled teste la vente physique en ouvrant un pop-up store dans un centre commercial parisien. Le succ\u00e8s est au rendez-vous. En janvier 2022, un coup de projecteur de l\u2019\u00e9mission \u00ab\u00a0<a href=\"https:\/\/actu.fr\/hauts-de-france\/lille_59350\/lille-cecile-flament-creatrice-de-tribee-passe-dans-qui-veut-etre-mon-associe-sur-m6_62358714.html\" rel=\"nofollow noopener\" target=\"_blank\">Qui veut \u00eatre mon associ\u00e9 ?<\/a>\u00a0\u00bb sur M6 ainsi qu\u2019un lancement chez <b>Sephora<\/b> aident la marque \u00e0 toucher encore plus de clients. Suivent ensuite les ouvertures physiques de boutiques : deux \u00e0 Paris, puis Lyon, <a href=\"https:\/\/actu.fr\/nouvelle-aquitaine\/bordeaux_33063\/cette-marque-de-cosmetiques-solides-et-sans-plastique-a-ouvert-une-boutique-a-bordeaux_61520438.html\" rel=\"nofollow noopener\" target=\"_blank\">Bordeaux<\/a>, <a href=\"https:\/\/actu.fr\/occitanie\/toulouse_31555\/toulouse-cette-marque-de-cosmetiques-en-vogue-ouvre-une-boutique-en-centre-ville_61501415.html\" rel=\"nofollow noopener\" target=\"_blank\">Toulouse<\/a> et Aix-en-Provence. Les consommateurs engag\u00e9s pour\u00a0une beaut\u00e9 sans plastique peuvent aussi se fournir dans certaines <b>pharmacies<\/b> depuis janvier 2024.<\/p>\n<p>Des produits clean, efficaces et moussants, pour toute la famille<\/p>\n<p class=\" wall-content\">Depuis son lancement, la gamme de produits s\u2019est largement \u00e9toff\u00e9e. Si bien qu\u2019aujourd\u2019hui, on retrouve tout ce qu\u2019il faut pour l\u2019<b>hygi\u00e8ne de toute la famille<\/b>. Des <b>shampoings<\/b> et <b>apr\u00e8s-shampoings<\/b>, des <b>gels douche sans bouteille<\/b>, des <b>nettoyants<\/b> et <b>d\u00e9maquillants<\/b> pour le <a href=\"https:\/\/actu.fr\/hauts-de-france\/lille_59350\/lille-un-skin-studio-veritable-temple-du-soin-du-visage-dans-un-cadre-cocooning-a-ouvert_62317238.html\" rel=\"nofollow noopener\" target=\"_blank\">visage<\/a>, des <b>d\u00e9odorants<\/b> ainsi que des <b>produits pour b\u00e9b\u00e9s<\/b>. Unbottled a m\u00eame lanc\u00e9 des <b>produits solaires<\/b>, un <b>soin de rasage<\/b> et m\u00eame un <b>shampoing pour les chiens<\/b> (en forme d\u2019os !), tous solides bien entendu.\u00a0<\/p>\n<p class=\" wall-content\">La marque met en avant la <b>composition tr\u00e8s naturelle de ses produits<\/b>, fabriqu\u00e9s en France. \u00ab\u00a0On utilise un maximum d\u2019<b>ingr\u00e9dients produits en France<\/b>, les parfums sont naturels et con\u00e7us par un \u2018nez\u2019 \u00e0 Grasse. Nous n\u2019utilisons <b>aucun produit controvers\u00e9<\/b> comme les sulfates ou les parab\u00e8nes. Tous nos produits sont <b>not\u00e9s \u2018excellent\u2019 sur Yuka<\/b> et nous sommes certifi\u00e9s B Corp\u00a0\u00bb, assure Aur\u00e9lien Fleury, directeur du retail chez Unbottled.<\/p>\n<p>    <img   decoding=\"async\" loading=\"lazy\" class=\"size-large\" src=\"https:\/\/www.europesays.com\/fr\/wp-content\/uploads\/2025\/05\/64c07d473038698c07d4730385cc07v-960x640.jpg\" alt=\"Il est possible de tester les produits Unbottled directement en boutique.\" width=\"960\" height=\"640\"\/><br \/>\n    Il est possible de tester les produits Unbottled directement en boutique. \u00a9Hervine Mahaud<\/p>\n<p class=\" wall-content\">Et si la marque a r\u00e9ussi \u00e0 convaincre, et m\u00eame fid\u00e9liser ses clients, c\u2019est aussi parce que <b>les formules solides d\u2019Unbottled sont aussi agr\u00e9ables \u00e0 utiliser que les produits liquides<\/b>. \u00ab\u00a0On a fait des formules aussi efficaces, douces et moussantes que celles des produits en bouteille. <b>Un produit qui ne mousse pas assez<\/b>, surtout pour le shampoing, c\u2019est parfois <b>un frein pour certains consommateurs<\/b>\u00ab\u00a0, rel\u00e8ve Aur\u00e9lien. Dans le doute, il est possible de <b>tester directement en boutique<\/b> o\u00f9 un grand lavabo est install\u00e9. Et une fois qu\u2019on a fait le tri des produits dans sa salle de bain, difficile de revenir en arri\u00e8re.<\/p>\n<p class=\" wall-content\">Suivez toute l\u2019actualit\u00e9 de vos villes et m\u00e9dias favoris en vous inscrivant \u00e0 <a href=\"https:\/\/moncompte.actu.fr\" title=\"D\u00e9couvez Mon Actu\" rel=\"nofollow noopener\" data-trk=\"{&quot;cta&quot;:{&quot;action&quot;:&quot;https:\\\/\\\/moncompte.actu.fr&quot;,&quot;category&quot;:&quot;mon compte&quot;,&quot;from&quot;:&quot;article footer&quot;,&quot;name&quot;:&quot;Mon actu&quot;,&quot;type&quot;:&quot;cta&quot;}}\" target=\"_blank\">Mon Actu<\/a>.<\/p>\n","protected":false},"excerpt":{"rendered":"Par Hervine Mahaud Publi\u00e9 le 24 mai 2025 \u00e0 11h40 \u00ab\u00a0Finis les produits louches sous la douche !\u00a0\u00bb&hellip;\n","protected":false},"author":2,"featured_media":124318,"comment_status":"","ping_status":"","sticky":false,"template":"","format":"standard","meta":{"footnotes":""},"categories":[2815],"tags":[1111,11,130,51,33,1777,674,1011,27,811,1307,12,3147,25],"class_list":{"0":"post-124317","1":"post","2":"type-post","3":"status-publish","4":"format-standard","5":"has-post-thumbnail","7":"category-lille","8":"tag-actu","9":"tag-actualites","10":"tag-consommation","11":"tag-ecologie","12":"tag-economie","13":"tag-eu","14":"tag-europe","15":"tag-fr","16":"tag-france","17":"tag-hauts-de-france","18":"tag-lille","19":"tag-news","20":"tag-nouveaux-commerces","21":"tag-republique-francaise"},"share_on_mastodon":{"url":"https:\/\/pubeurope.com\/@fr\/114562424082519296","error":""},"_links":{"self":[{"href":"https:\/\/www.europesays.com\/fr\/wp-json\/wp\/v2\/posts\/124317","targetHints":{"allow":["GET"]}}],"collection":[{"href":"https:\/\/www.europesays.com\/fr\/wp-json\/wp\/v2\/posts"}],"about":[{"href":"https:\/\/www.europesays.com\/fr\/wp-json\/wp\/v2\/types\/post"}],"author":[{"embeddable":true,"href":"https:\/\/www.europesays.com\/fr\/wp-json\/wp\/v2\/users\/2"}],"replies":[{"embeddable":true,"href":"https:\/\/www.europesays.com\/fr\/wp-json\/wp\/v2\/comments?post=124317"}],"version-history":[{"count":0,"href":"https:\/\/www.europesays.com\/fr\/wp-json\/wp\/v2\/posts\/124317\/revisions"}],"wp:featuredmedia":[{"embeddable":true,"href":"https:\/\/www.europesays.com\/fr\/wp-json\/wp\/v2\/media\/124318"}],"wp:attachment":[{"href":"https:\/\/www.europesays.com\/fr\/wp-json\/wp\/v2\/media?parent=124317"}],"wp:term":[{"taxonomy":"category","embeddable":true,"href":"https:\/\/www.europesays.com\/fr\/wp-json\/wp\/v2\/categories?post=124317"},{"taxonomy":"post_tag","embeddable":true,"href":"https:\/\/www.europesays.com\/fr\/wp-json\/wp\/v2\/tags?post=124317"}],"curies":[{"name":"wp","href":"https:\/\/api.w.org\/{rel}","templated":true}]}}