{"id":124323,"date":"2025-05-24T10:54:17","date_gmt":"2025-05-24T10:54:17","guid":{"rendered":"https:\/\/www.europesays.com\/fr\/124323\/"},"modified":"2025-05-24T10:54:17","modified_gmt":"2025-05-24T10:54:17","slug":"il-filme-toute-son-enquete-et-retrouve-le-suspect","status":"publish","type":"post","link":"https:\/\/www.europesays.com\/fr\/124323\/","title":{"rendered":"il filme toute son enqu\u00eate et retrouve le suspect"},"content":{"rendered":"<p itemprop=\"description\"><strong><strong>Les r\u00e9seaux sociaux et leurs acteurs n&rsquo;ont pas fini de nous \u00e9tonner.<\/strong><\/strong><\/p>\n<p style=\"text-align:start\">Ce jeudi, l\u2019influenceur aux millions d\u2019abonn\u00e9s sur les r\u00e9seaux sociaux, Yes Cyrille, a publi\u00e9 une vid\u00e9o racontant son p\u00e9riple dans le quartier de La Guilloti\u00e8re \u00e0 Lyon.<\/p>\n<p style=\"text-align:start\">Il explique avoir \u00e9t\u00e9 victime d&rsquo;un vol car il avait laiss\u00e9 des affaires personnelles dans sa voiture, dont son portefeuille. Et avait eu la mauvaise surprise de d\u00e9couvrir sa vitre bris\u00e9e, et ses affaires d\u00e9rob\u00e9es<\/p>\n<p style=\"text-align:start\">Ce qui a surpris ses followers, c\u2019est surtout le manque de r\u00e9action de la part des autorit\u00e9s<\/p>\n<p style=\"text-align:start\">Yes Cyrille, connu pour ses pranks et ses micro-trottoirs \u00e0 Lyon, s\u2019\u00e9tait imm\u00e9diatement dirig\u00e9 vers une polici\u00e8re en patrouille \u00e0 proximit\u00e9 des faits. Mais cette derni\u00e8re lui avait clairement indiqu\u00e9 qu\u2019elle ne pouvait rien faire pour l\u2019aider, et l&rsquo;a encourag\u00e9 \u00e0 mener sa propre enqu\u00eate aupr\u00e8s des commerces o\u00f9 sa carte bancaire avait \u00e9t\u00e9 utilis\u00e9e.<\/p>\n<p style=\"text-align:start\">La victime s&rsquo;\u00e9tait donc fait justice elle-m\u00eame, en tra\u00e7ant tous les paiements infructueux du voleur, essentiellement dans le quartier de la Guilloti\u00e8re.<\/p>\n<p style=\"text-align:start\">Apr\u00e8s plusieurs tentatives, Yes Cyrille a r\u00e9ussi \u00e0 retrouver des images de vid\u00e9osurveillance o\u00f9 l&rsquo;on aper\u00e7oit nettement l&rsquo;individu qui est en possession de ses affaires, lan\u00e7ant ensuite un appel \u00e0 t\u00e9moins pour conna\u00eetre le nom de l&rsquo;individu.<\/p>\n<blockquote cite=\"https:\/\/www.tiktok.com\/@yescyrille\/video\/7507326510181666070\" class=\"tiktok-embed\" data-video-id=\"7507326510181666070\" style=\"max-width: 605px;min-width: 325px;\"><p><a href=\"https:\/\/www.tiktok.com\/@yescyrille?refer=embed\" target=\"_blank\" title=\"@yescyrille\" rel=\"noopener\">@yescyrille<\/a>&#13;<br \/>\n&#13;<\/p>\n<p>Deuxi\u00e8me fois en moins de 4 mois\u2026 Cette fois, ils m\u2019ont tout pris. J\u2019suis d\u00e9go\u00fbt\u00e9, j\u2019ai la haine. \u00c0 un moment, faut arr\u00eater de faire semblant : \u00e9duquer, oui\u2026 mais aussi punir plus fermement. Parce que l\u00e0, franchement, la France devient invivable. T\u2019as beau te battre, te relever, essayer de rester droit\u2026 on te tire toujours vers le bas. C\u2019est pas normal. Faut que \u00e7a change.<\/p>\n<p>&#13;<br \/>\n<a href=\"https:\/\/www.tiktok.com\/music\/son-original-Yes-Cyrille-\ud83c\uddeb\ud83c\uddf7-7507326563798125334?refer=embed\" target=\"_blank\" title=\"\u266c son original  - Yes Cyrille \ud83c\uddeb\ud83c\uddf7\" rel=\"noopener\">\u266c son original &#8211; Yes Cyrille \ud83c\uddeb\ud83c\uddf7<\/a><\/p><\/blockquote>\n<p>\t\t  <script async src=\"\/\/www.tiktok.com\/embed.js\"><\/script><\/p>\n","protected":false},"excerpt":{"rendered":"Les r\u00e9seaux sociaux et leurs acteurs n&rsquo;ont pas fini de nous \u00e9tonner. Ce jeudi, l\u2019influenceur aux millions d\u2019abonn\u00e9s&hellip;\n","protected":false},"author":2,"featured_media":124324,"comment_status":"","ping_status":"","sticky":false,"template":"","format":"standard","meta":{"footnotes":""},"categories":[1889],"tags":[1111,11,2813,2190,2430,1109,251,1112,2811,1777,674,118,1011,27,1922,1110,1114,2428,2810,12,241,316,25,2812,517,800],"class_list":{"0":"post-124323","1":"post","2":"type-post","3":"status-publish","4":"format-standard","5":"has-post-thumbnail","7":"category-lyon","8":"tag-actu","9":"tag-actualites","10":"tag-article","11":"tag-asvel","12":"tag-auvergne-rhone-alpes","13":"tag-breves","14":"tag-culture","15":"tag-depeches","16":"tag-economique","17":"tag-eu","18":"tag-europe","19":"tag-faits-divers","20":"tag-fr","21":"tag-france","22":"tag-info","23":"tag-informations","24":"tag-infos","25":"tag-lyon","26":"tag-lyonmag","27":"tag-news","28":"tag-ol","29":"tag-politique","30":"tag-republique-francaise","31":"tag-sociale","32":"tag-sport","33":"tag-transports"},"share_on_mastodon":{"url":"https:\/\/pubeurope.com\/@fr\/114562443864670188","error":""},"_links":{"self":[{"href":"https:\/\/www.europesays.com\/fr\/wp-json\/wp\/v2\/posts\/124323","targetHints":{"allow":["GET"]}}],"collection":[{"href":"https:\/\/www.europesays.com\/fr\/wp-json\/wp\/v2\/posts"}],"about":[{"href":"https:\/\/www.europesays.com\/fr\/wp-json\/wp\/v2\/types\/post"}],"author":[{"embeddable":true,"href":"https:\/\/www.europesays.com\/fr\/wp-json\/wp\/v2\/users\/2"}],"replies":[{"embeddable":true,"href":"https:\/\/www.europesays.com\/fr\/wp-json\/wp\/v2\/comments?post=124323"}],"version-history":[{"count":0,"href":"https:\/\/www.europesays.com\/fr\/wp-json\/wp\/v2\/posts\/124323\/revisions"}],"wp:featuredmedia":[{"embeddable":true,"href":"https:\/\/www.europesays.com\/fr\/wp-json\/wp\/v2\/media\/124324"}],"wp:attachment":[{"href":"https:\/\/www.europesays.com\/fr\/wp-json\/wp\/v2\/media?parent=124323"}],"wp:term":[{"taxonomy":"category","embeddable":true,"href":"https:\/\/www.europesays.com\/fr\/wp-json\/wp\/v2\/categories?post=124323"},{"taxonomy":"post_tag","embeddable":true,"href":"https:\/\/www.europesays.com\/fr\/wp-json\/wp\/v2\/tags?post=124323"}],"curies":[{"name":"wp","href":"https:\/\/api.w.org\/{rel}","templated":true}]}}