{"id":124345,"date":"2025-05-24T11:06:12","date_gmt":"2025-05-24T11:06:12","guid":{"rendered":"https:\/\/www.europesays.com\/fr\/124345\/"},"modified":"2025-05-24T11:06:12","modified_gmt":"2025-05-24T11:06:12","slug":"vu-dailleurs-n161-le-solaire-talon-dachille-de-lallemagne","status":"publish","type":"post","link":"https:\/\/www.europesays.com\/fr\/124345\/","title":{"rendered":"\u00abVu d\u2019Ailleurs\u00bb N\u00b0161 &#8211; Le solaire, talon d\u2019Achille de l\u2019Allemagne"},"content":{"rendered":"<p><strong>LETTRE EXCLUSIVE ABONN\u00c9S &#8211;<\/strong> La revue de presse europ\u00e9enne, par \u00c9douard de Mareschal.<\/p>\n<p class=\"fig-paragraph\">Chers abonn\u00e9s,<\/p>\n<p class=\"fig-paragraph\">Depuis la panne \u00e9lectrique g\u00e9ante qui a paralys\u00e9 l\u2019Espagne fin avril, l\u2019Allemagne s\u2019inqui\u00e8te pour son propre r\u00e9seau. Les Espagnols cherchent encore les causes du black-out. Mais les \u00e9nergies vertes sont dans le viseur, particuli\u00e8rement le photovolta\u00efque. Or, la semaine derni\u00e8re, raconte Die Welt, le solaire produisait 41 gigawatts d\u2019\u00e9lectricit\u00e9 en Allemagne. Il suffirait que 30% de cette capacit\u00e9 se coupe soudainement pour priver le r\u00e9seau de l\u2019\u00e9quivalent de la production d\u2019une douzaine de centrales nucl\u00e9aires, soulignent nos confr\u00e8res allemands. Ce qui entra\u00eenerait probablement un black-out \u00e0 l\u2019\u00e9chelle europ\u00e9enne, aucun op\u00e9rateur r\u00e9seau ne pouvant pallier une telle coupure.<\/p>\n<p class=\"fig-paragraph\">Dans ce contexte, le scenario d\u2019une attaque malveillante contre des infrastructures europ\u00e9ennes ne peut \u00eatre exclu. Une r\u00e9cente analyse men\u00e9e par des experts am\u00e9ricains a r\u00e9v\u00e9l\u00e9 que des modules de communication non document\u00e9s se trouvaient dans certains onduleurs de panneaux solaires fabriqu\u00e9s en Chine\u2026<\/p>\n<p class=\"fig-premium-paywall__infos\">\n        Cet article est r\u00e9serv\u00e9 aux abonn\u00e9s.        Il vous reste 87% \u00e0 d\u00e9couvrir.\n    <\/p>\n<p>                <img  data- alt=\"Le Figaro\" class=\"fig-img--complete fig-img\"\/><\/p>\n<p class=\"fig-premium-paywall__title\">Vente Flash<\/p>\n<p class=\"fig-premium-paywall__subtitle\">4,99\u20ac par mois pendant 12 mois. Sans engagement.<\/p>\n<p class=\"fig-premium-paywall__connect\">\n                D\u00e9j\u00e0 abonn\u00e9\u00a0?                <a class=\"fig-premium-paywall__connect-link\" href=\"https:\/\/connect.lefigaro.fr\/login?client=horizon_web&amp;type=main&amp;redirect_uri=https%3A%2F%2Fwww.lefigaro.fr%2Finternational%2Fvu-d-ailleurs-n0161-le-solaire-talon-d-achille-de-l-allemagne-20250524\" data-js-gtm=\"{&quot;customCategorie&quot;: &quot;conversion&quot;, &quot;customAction&quot;: &quot;before_Landing_Connexion_paywall_auto&quot;, &quot;customLabel&quot;: &quot;bGVmaWdhcm8uZnJfXzFmMDM3YzAxLTY1MjktNjBjYy1hYjk0LWM5N2Y5YjFmYmQ3Y19fQXJ0aWNsZQ==_\u00abVu d\u2019Ailleurs\u00bb N\u00b0161 - Le solaire, talon d\u2019Achille de l\u2019Allemagne_303&quot;, &quot;customIDSPE&quot;: &quot;bGVmaWdhcm8uZnJfXzFmMDM3YzAxLTY1MjktNjBjYy1hYjk0LWM5N2Y5YjFmYmQ3Y19fQXJ0aWNsZQ==&quot;, &quot;event&quot;: &quot;customEventSPE&quot;}\" rel=\"nofollow noopener\" target=\"_blank\"><br \/>\n                    Connectez-vous<br \/>\n                <\/a>\n            <\/p>\n","protected":false},"excerpt":{"rendered":"LETTRE EXCLUSIVE ABONN\u00c9S &#8211; La revue de presse europ\u00e9enne, par \u00c9douard de Mareschal. Chers abonn\u00e9s, Depuis la panne&hellip;\n","protected":false},"author":2,"featured_media":124346,"comment_status":"","ping_status":"","sticky":false,"template":"","format":"standard","meta":{"footnotes":""},"categories":[1587],"tags":[259,11,260,672,1804,1805,1803,1777,674,1801,14,22398,22397,261,12,262,1802,24690],"class_list":{"0":"post-124345","1":"post","2":"type-post","3":"status-publish","4":"format-standard","5":"has-post-thumbnail","7":"category-allemagne","8":"tag-actualite-internationale","9":"tag-actualites","10":"tag-affaires-etrangeres","11":"tag-allemagne","12":"tag-bundesrepublik-deutschland","13":"tag-de","14":"tag-deutschland","15":"tag-eu","16":"tag-europe","17":"tag-germany","18":"tag-international","19":"tag-lena","20":"tag-les-lettres-des-journalistes","21":"tag-ministere-des-affaires-etrangeres","22":"tag-news","23":"tag-politique-etrangere","24":"tag-republique-federale-dallemagne","25":"tag-vu-dailleurs"},"share_on_mastodon":{"url":"https:\/\/pubeurope.com\/@fr\/114562490881043420","error":""},"_links":{"self":[{"href":"https:\/\/www.europesays.com\/fr\/wp-json\/wp\/v2\/posts\/124345","targetHints":{"allow":["GET"]}}],"collection":[{"href":"https:\/\/www.europesays.com\/fr\/wp-json\/wp\/v2\/posts"}],"about":[{"href":"https:\/\/www.europesays.com\/fr\/wp-json\/wp\/v2\/types\/post"}],"author":[{"embeddable":true,"href":"https:\/\/www.europesays.com\/fr\/wp-json\/wp\/v2\/users\/2"}],"replies":[{"embeddable":true,"href":"https:\/\/www.europesays.com\/fr\/wp-json\/wp\/v2\/comments?post=124345"}],"version-history":[{"count":0,"href":"https:\/\/www.europesays.com\/fr\/wp-json\/wp\/v2\/posts\/124345\/revisions"}],"wp:featuredmedia":[{"embeddable":true,"href":"https:\/\/www.europesays.com\/fr\/wp-json\/wp\/v2\/media\/124346"}],"wp:attachment":[{"href":"https:\/\/www.europesays.com\/fr\/wp-json\/wp\/v2\/media?parent=124345"}],"wp:term":[{"taxonomy":"category","embeddable":true,"href":"https:\/\/www.europesays.com\/fr\/wp-json\/wp\/v2\/categories?post=124345"},{"taxonomy":"post_tag","embeddable":true,"href":"https:\/\/www.europesays.com\/fr\/wp-json\/wp\/v2\/tags?post=124345"}],"curies":[{"name":"wp","href":"https:\/\/api.w.org\/{rel}","templated":true}]}}