{"id":124361,"date":"2025-05-24T11:15:11","date_gmt":"2025-05-24T11:15:11","guid":{"rendered":"https:\/\/www.europesays.com\/fr\/124361\/"},"modified":"2025-05-24T11:15:11","modified_gmt":"2025-05-24T11:15:11","slug":"roland-garros-le-message-fort-dalize-cornet-a-caroline-garcia-apres-lannonce-de-sa-retraite-ne-ten-fais-pas","status":"publish","type":"post","link":"https:\/\/www.europesays.com\/fr\/124361\/","title":{"rendered":"Roland Garros > Le message fort d&rsquo;Aliz\u00e9 Cornet \u00e0 Caroline Garcia apr\u00e8s l&rsquo;annonce de sa retraite : \u00ab\u00a0Ne t&rsquo;en fais pas&#8230;\u00a0\u00bb"},"content":{"rendered":"<p>Proche amie de Caroline Garcia sur le court et dans la vie, Aliz\u00e9 Cornet a partag\u00e9 des mots touchants \u00e0 son \u00e9gard \u00e0 l\u2019oc\u00adca\u00adsion de <a href=\"https:\/\/www.welovetennis.fr\/wta\/lenorme-annonce-de-caroline-garcia-apres-15-ans-a-concourir-au-plus-haut-niveau-je-me-sens-prete-a-tourner-la-page-et-a-ouvrir-un-nouveau-chapitre\" data-wpel-link=\"internal\" target=\"_blank\" rel=\"noopener\">l\u2019an\u00adnonce de la retraite de la Tricolore en fin de saison<\/a>. <\/p>\n<p>Sur sa page Instagram, on y retrouve un carrousel de photos souve\u00adnirs des deux joueuses en \u00e9quipe de France, accom\u00adpagn\u00e9 d\u2019\u00e9loges concer\u00adnant sa carri\u00e8re mais \u00e9gale\u00adment des conseils pour g\u00e9rer au mieux l\u2019apr\u00e8s\u2010tennis. Parmi eux, le fait de profiter un maximum de chaque instant pass\u00e9 sur la terre battue parisienne.<\/p>\n<p><img fetchpriority=\"high\" decoding=\"async\" width=\"1024\" height=\"596\" src=\"https:\/\/www.europesays.com\/fr\/wp-content\/uploads\/2025\/05\/image-5-1024x596.png\" alt=\"\" class=\"wp-image-556594 lazy\"  data-\/><\/p>\n<p><strong>\u00ab\u202fUne page se tour\u00adnera bient\u00f4t pour toi ma Caro, et il y aurait tant de choses \u00e0 dire. Sur ta carri\u00e8re, ta d\u00e9ter\u00admi\u00adna\u00adtion, ton \u00e9thique, et l\u2019ins\u00adpi\u00adra\u00adtion que tu es et conti\u00adnueras d\u2019\u00eatre pour telle\u00adment de gens, moi y compris. Tu peux \u00eatre si fi\u00e8re. Sur nos souve\u00adnirs, aussi, et cette belle amiti\u00e9 qui nous lie et qui ne s\u2019ar\u00adr\u00ea\u00adtera pas en m\u00eame temps que ton tennis profes\u00adsionnel. Bien au contraire. Merci d\u2019avoir \u00e9t\u00e9 ma parte\u00adnaire, ma co\u00e9qui\u00adpi\u00e8re, ma joueuse pr\u00e9f\u00e9r\u00e9e, mon amie. Profite de ta derni\u00e8re danse, mais ne t\u2019en fais pas, d\u2019autres \u00e9motions incroyables t\u2019attendent.\u202f\u00bb<\/strong><\/p>\n<p>Car rappe\u00adlons le, Aliz\u00e9 Cornet est elle\u2010m\u00eame pass\u00e9e par l\u00e0 un an aupa\u00adra\u00advant. Et <a href=\"https:\/\/www.welovetennis.fr\/atp-wta\/la-surprise-inattendue-de-nadal-a-cornet-pour-la-fin-de-sa-carriere\" data-wpel-link=\"internal\" target=\"_blank\" rel=\"noopener\">elle avait notam\u00adment re\u00e7u un hommage vid\u00e9o de Rafael Nadal<\/a>, rien que\u00a0\u00e7a.<\/p>\n<p class=\"post-published-date\" style=\"color: silver; font-size: 75%; text-align: left;\">Publi\u00e9 le samedi 24 mai 2025 \u00e0 11:45<\/p>\n","protected":false},"excerpt":{"rendered":"Proche amie de Caroline Garcia sur le court et dans la vie, Aliz\u00e9 Cornet a partag\u00e9 des mots&hellip;\n","protected":false},"author":2,"featured_media":124362,"comment_status":"","ping_status":"","sticky":false,"template":"","format":"standard","meta":{"footnotes":""},"categories":[1415],"tags":[8001,1011,27,8002,1960,60,1467],"class_list":{"0":"post-124361","1":"post","2":"type-post","3":"status-publish","4":"format-standard","5":"has-post-thumbnail","7":"category-tennis","8":"tag-cornet","9":"tag-fr","10":"tag-france","11":"tag-garcia","12":"tag-nadal","13":"tag-sports","14":"tag-tennis"},"share_on_mastodon":{"url":"https:\/\/pubeurope.com\/@fr\/114562526287620207","error":""},"_links":{"self":[{"href":"https:\/\/www.europesays.com\/fr\/wp-json\/wp\/v2\/posts\/124361","targetHints":{"allow":["GET"]}}],"collection":[{"href":"https:\/\/www.europesays.com\/fr\/wp-json\/wp\/v2\/posts"}],"about":[{"href":"https:\/\/www.europesays.com\/fr\/wp-json\/wp\/v2\/types\/post"}],"author":[{"embeddable":true,"href":"https:\/\/www.europesays.com\/fr\/wp-json\/wp\/v2\/users\/2"}],"replies":[{"embeddable":true,"href":"https:\/\/www.europesays.com\/fr\/wp-json\/wp\/v2\/comments?post=124361"}],"version-history":[{"count":0,"href":"https:\/\/www.europesays.com\/fr\/wp-json\/wp\/v2\/posts\/124361\/revisions"}],"wp:featuredmedia":[{"embeddable":true,"href":"https:\/\/www.europesays.com\/fr\/wp-json\/wp\/v2\/media\/124362"}],"wp:attachment":[{"href":"https:\/\/www.europesays.com\/fr\/wp-json\/wp\/v2\/media?parent=124361"}],"wp:term":[{"taxonomy":"category","embeddable":true,"href":"https:\/\/www.europesays.com\/fr\/wp-json\/wp\/v2\/categories?post=124361"},{"taxonomy":"post_tag","embeddable":true,"href":"https:\/\/www.europesays.com\/fr\/wp-json\/wp\/v2\/tags?post=124361"}],"curies":[{"name":"wp","href":"https:\/\/api.w.org\/{rel}","templated":true}]}}