{"id":124371,"date":"2025-05-24T11:21:08","date_gmt":"2025-05-24T11:21:08","guid":{"rendered":"https:\/\/www.europesays.com\/fr\/124371\/"},"modified":"2025-05-24T11:21:08","modified_gmt":"2025-05-24T11:21:08","slug":"carnet-blanc-pour-marius-colucci-le-fils-de-coluche-a-epouse-sa-tres-populaire-sarah","status":"publish","type":"post","link":"https:\/\/www.europesays.com\/fr\/124371\/","title":{"rendered":"Carnet blanc pour Marius Colucci ! Le fils de Coluche a \u00e9pous\u00e9 sa tr\u00e8s populaire Sarah"},"content":{"rendered":"<p>Com\u00e9dien de profession, Marius Colucci, qui est l&rsquo;un des deux<br \/>\nfils issus de la relation entre <a href=\"https:\/\/www.closermag.fr\/people\/marius-colucci-le-fils-de-coluche-est-il-en-couple-1702110#item=1\" target=\"_blank\" rel=\"noopener\"><br \/>\nColuche<\/a>\u00a0et de\u00a0<a href=\"https:\/\/www.closermag.fr\/people\/coluche-que-deviennent-ses-fils-romain-et-marius-1183825#item=1\" target=\"_blank\" rel=\"noopener\">V\u00e9ronique<br \/>\nKantor<\/a>, a donc suivi les traces de son p\u00e8re. <strong>Il ne<br \/>\ns&rsquo;est cependant pas sp\u00e9cialis\u00e9 dans l&rsquo;humour<\/strong> comme son<br \/>\nillustre g\u00e9niteur. En effet, le fils cadet du c\u00e9l\u00e8bre comique<br \/>\nfran\u00e7ais encha\u00eene les r\u00f4les divers et vari\u00e9s \u00e0 la t\u00e9l\u00e9vision et au<br \/>\ncin\u00e9ma.<\/p>\n<p>Depuis le d\u00e9but de sa carri\u00e8re, Marius Colucci est notamment<br \/>\n<strong>apparu dans de nombreux films<\/strong>. Comme par exemple :<br \/>\nDe l&rsquo;autre c\u00f4t\u00e9 du lit, Populaire,<br \/>\nCalomnies, Jos\u00e9phine s&rsquo;arrondit, Quand on<br \/>\ncrie au loup et\u00a0Mandibules. Il a \u00e9galement jou\u00e9<br \/>\ndans beaucoup de production t\u00e9l\u00e9vis\u00e9s telles que : Petits<br \/>\nmeurtres en famille, Diane : femme flic, Myst\u00e8re<br \/>\nau Moulin Rouge, Quadras, Mongeville, Nos chers voisins, <a href=\"https:\/\/www.telestar.fr\/people\/christophe-dechavanne-josee-dayan-balance-sur-son-role-dans-capitaine-marleau-et-ca-fait-mal-1723113\" target=\"_blank\" rel=\"noopener\"><br \/>\nCapitaine Marleau<\/a>, Jos\u00e9phine, ange<br \/>\ngardien. Ou bien encore Rendez-vous avec le<br \/>\ncrime.<\/p>\n<p>Marius Colucci \u00e9tait l&rsquo;une des t\u00eates d&rsquo;affiche de la premi\u00e8re<br \/>\nsaison des Petits Meurtres d&rsquo;Agatha Christie sur France<br \/>\n2<\/p>\n<p>Marius Colucci a par ailleurs incarn\u00e9 l&rsquo;un des r\u00f4les principaux<br \/>\nde la s\u00e9rie baptis\u00e9e Les Petits Meurtres d&rsquo;Agatha Christie<br \/>\nentre 2009 et 2012 sur France 2. C\u00f4t\u00e9 vie priv\u00e9e, le fils de<br \/>\nColuche avait indiqu\u00e9, dans une interview accord\u00e9e \u00e0 Paris<br \/>\nMatch, qu&rsquo;il n&rsquo;\u00e9tait pas vraiment fait pour la vie de couple.<br \/>\n\u00ab\u00a0J&rsquo;ai fait plusieurs tentatives qui n&rsquo;ont pas \u00e9t\u00e9 vraiment<br \/>\nfructueuses.\u00a0<strong>Je suis assez contre, en<br \/>\nfait<\/strong>\u00ab\u00a0, avait-il ainsi d\u00e9clar\u00e9 en octobre 2022.<\/p>\n<p>Cependant, il semblerait que Marius Colucci ait enfin trouv\u00e9 la<br \/>\nbonne personne. En effet, selon les r\u00e9centes informations d\u00e9voil\u00e9es<br \/>\ndans <a href=\"https:\/\/www.ladepeche.fr\/2025\/03\/19\/sarah-est-foodamour-12578619.php\" target=\"_blank\" rel=\"noopener\">La D\u00e9p\u00eache<\/a>. Le fils<br \/>\ncadet de Coluche a <strong>r\u00e9cemment \u00e9pous\u00e9 sa compagne<br \/>\nSarah<\/strong>. Cette derni\u00e8re est d&rsquo;ailleurs une figure<br \/>\nembl\u00e9matique d&rsquo;un petit village situ\u00e9 dans le Tarn-et-Garonne. En<br \/>\nfait, elle tient une boutique \u00ab\u00a0avec de nombreuses gourmandises<br \/>\n\u00e0 emporter\u00a0\u00bb dans la commune de Beaumont-de-Lomagne.<\/p>\n<p>L&rsquo;\u00e9pouse du fils cadet de Coluche<br \/>\npropose beaucoup de produits faits-maison dans sa boutique de<br \/>\nBeaumont-de-Lomagne<\/p>\n<p>\u00ab\u00a0Enchant\u00e9e par cet achat. Sarah souhaite faire d\u00e9couvrir son<br \/>\nsavoir-faire de la cuisine. Et proposer un autre concept pour se<br \/>\nrestaurer dans la ville. <strong>C\u2019est un milieu qu\u2019elle conna\u00eet<br \/>\nbien.<\/strong> Elle n\u2019a pas suivi d\u2019\u00e9tude sur la cuisine. Mais<br \/>\napr\u00e8s quelques ann\u00e9es de pratique. L\u2019id\u00e9e de cr\u00e9er un commerce de<br \/>\nbouche est n\u00e9e\u00a0\u00bb, ont notamment soulign\u00e9 nos confr\u00e8res.<\/p>\n<p>L&rsquo;\u00e9pouse de Marius Colucci propose ainsi beaucoup de produits<br \/>\nfaits-maison dans son commerce. \u00ab\u00a0C\u2019est notamment le cas des<br \/>\nburgers, salades et bo bun, tartines, sandwichs au pain agricole et<br \/>\nlocal, qui sont travaill\u00e9s sur place. <strong>Uniquement avec des<br \/>\nproduits frais<\/strong>. Tous les plats sont faciles \u00e0 manger, \u00e0<br \/>\nemporter, sur un syst\u00e8me de drive. Pour les plus gourmands. Des<br \/>\ndesserts vous sont propos\u00e9s\u00a0\u00bb, a aussi pr\u00e9cis\u00e9 La<br \/>\nD\u00e9p\u00eache.<\/p>\n","protected":false},"excerpt":{"rendered":"Com\u00e9dien de profession, Marius Colucci, qui est l&rsquo;un des deux fils issus de la relation entre Coluche\u00a0et de\u00a0V\u00e9ronique&hellip;\n","protected":false},"author":2,"featured_media":124372,"comment_status":"","ping_status":"","sticky":false,"template":"","format":"standard","meta":{"footnotes":""},"categories":[1359],"tags":[548,7220,58,59,1011,27,973],"class_list":{"0":"post-124371","1":"post","2":"type-post","3":"status-publish","4":"format-standard","5":"has-post-thumbnail","7":"category-people","8":"tag-article-simple","9":"tag-coluche","10":"tag-divertissement","11":"tag-entertainment","12":"tag-fr","13":"tag-france","14":"tag-people"},"share_on_mastodon":{"url":"https:\/\/pubeurope.com\/@fr\/114562549924718594","error":""},"_links":{"self":[{"href":"https:\/\/www.europesays.com\/fr\/wp-json\/wp\/v2\/posts\/124371","targetHints":{"allow":["GET"]}}],"collection":[{"href":"https:\/\/www.europesays.com\/fr\/wp-json\/wp\/v2\/posts"}],"about":[{"href":"https:\/\/www.europesays.com\/fr\/wp-json\/wp\/v2\/types\/post"}],"author":[{"embeddable":true,"href":"https:\/\/www.europesays.com\/fr\/wp-json\/wp\/v2\/users\/2"}],"replies":[{"embeddable":true,"href":"https:\/\/www.europesays.com\/fr\/wp-json\/wp\/v2\/comments?post=124371"}],"version-history":[{"count":0,"href":"https:\/\/www.europesays.com\/fr\/wp-json\/wp\/v2\/posts\/124371\/revisions"}],"wp:featuredmedia":[{"embeddable":true,"href":"https:\/\/www.europesays.com\/fr\/wp-json\/wp\/v2\/media\/124372"}],"wp:attachment":[{"href":"https:\/\/www.europesays.com\/fr\/wp-json\/wp\/v2\/media?parent=124371"}],"wp:term":[{"taxonomy":"category","embeddable":true,"href":"https:\/\/www.europesays.com\/fr\/wp-json\/wp\/v2\/categories?post=124371"},{"taxonomy":"post_tag","embeddable":true,"href":"https:\/\/www.europesays.com\/fr\/wp-json\/wp\/v2\/tags?post=124371"}],"curies":[{"name":"wp","href":"https:\/\/api.w.org\/{rel}","templated":true}]}}