{"id":124402,"date":"2025-05-24T11:37:53","date_gmt":"2025-05-24T11:37:53","guid":{"rendered":"https:\/\/www.europesays.com\/fr\/124402\/"},"modified":"2025-05-24T11:37:53","modified_gmt":"2025-05-24T11:37:53","slug":"debut-des-rencontres-theatrales-aux-actes-citoyens-2","status":"publish","type":"post","link":"https:\/\/www.europesays.com\/fr\/124402\/","title":{"rendered":"D\u00e9but des Rencontres Th\u00e9\u00e2trales Aux Actes Citoyens"},"content":{"rendered":"<p>Ouverture ce week-end des 34es Rencontres Th\u00e9\u00e2trales de Tomblaine\u00a0! Et, le s avez-vous\u00a0? La Marraine du festival Aux Actes Citoyens  sera\u2026 Delphine Depardieu \u00a0! Com\u00e9dienne \u00e0 la carri\u00e8re exceptionnelle, qui triomphe actuellement \u00e0 Paris, \u00e0 la Com\u00e9die des Champs Elys\u00e9e, dans Les Liaisons Dangereuses  et vient de se voir d\u00e9cerner le Moli\u00e8re 2025 de la com\u00e9dienne dans un spectacle priv\u00e9\u00a0!<\/p>\n<p class=\"note\">Samedi 24\u00a0mai, \u00e0 15\u00a0h. Diff\u00e9rents spectacles jusqu\u2019au 31\u00a0mai. Dates et horaires en ligne. R\u00e9servations\u00a0: Espace Jean Jaur\u00e8s\u00a0: 03\u00a083\u00a033\u00a027\u00a050.<\/p>\n","protected":false},"excerpt":{"rendered":"Ouverture ce week-end des 34es Rencontres Th\u00e9\u00e2trales de Tomblaine\u00a0! Et, le s avez-vous\u00a0? La Marraine du festival Aux&hellip;\n","protected":false},"author":2,"featured_media":120244,"comment_status":"","ping_status":"","sticky":false,"template":"","format":"standard","meta":{"footnotes":""},"categories":[9635],"tags":[1111,11,1687,1704,1777,674,1011,27,775,11260,1702,12,25,3140,11703],"class_list":{"0":"post-124402","1":"post","2":"type-post","3":"status-publish","4":"format-standard","5":"has-post-thumbnail","7":"category-nancy","8":"tag-actu","9":"tag-actualites","10":"tag-culture-loisirs","11":"tag-edition-nancy-et-agglomeration","12":"tag-eu","13":"tag-europe","14":"tag-fr","15":"tag-france","16":"tag-grand-est","17":"tag-metropole-du-grand-nancy-54b4","18":"tag-nancy","19":"tag-news","20":"tag-republique-francaise","21":"tag-spectacle","22":"tag-tomblaine"},"share_on_mastodon":{"url":"https:\/\/pubeurope.com\/@fr\/114562616716746269","error":""},"_links":{"self":[{"href":"https:\/\/www.europesays.com\/fr\/wp-json\/wp\/v2\/posts\/124402","targetHints":{"allow":["GET"]}}],"collection":[{"href":"https:\/\/www.europesays.com\/fr\/wp-json\/wp\/v2\/posts"}],"about":[{"href":"https:\/\/www.europesays.com\/fr\/wp-json\/wp\/v2\/types\/post"}],"author":[{"embeddable":true,"href":"https:\/\/www.europesays.com\/fr\/wp-json\/wp\/v2\/users\/2"}],"replies":[{"embeddable":true,"href":"https:\/\/www.europesays.com\/fr\/wp-json\/wp\/v2\/comments?post=124402"}],"version-history":[{"count":0,"href":"https:\/\/www.europesays.com\/fr\/wp-json\/wp\/v2\/posts\/124402\/revisions"}],"wp:featuredmedia":[{"embeddable":true,"href":"https:\/\/www.europesays.com\/fr\/wp-json\/wp\/v2\/media\/120244"}],"wp:attachment":[{"href":"https:\/\/www.europesays.com\/fr\/wp-json\/wp\/v2\/media?parent=124402"}],"wp:term":[{"taxonomy":"category","embeddable":true,"href":"https:\/\/www.europesays.com\/fr\/wp-json\/wp\/v2\/categories?post=124402"},{"taxonomy":"post_tag","embeddable":true,"href":"https:\/\/www.europesays.com\/fr\/wp-json\/wp\/v2\/tags?post=124402"}],"curies":[{"name":"wp","href":"https:\/\/api.w.org\/{rel}","templated":true}]}}