{"id":124413,"date":"2025-05-24T11:43:08","date_gmt":"2025-05-24T11:43:08","guid":{"rendered":"https:\/\/www.europesays.com\/fr\/124413\/"},"modified":"2025-05-24T11:43:08","modified_gmt":"2025-05-24T11:43:08","slug":"plusieurs-voitures-en-feu-pres-de-rouen-les-habitants-dun-immeuble-evacues","status":"publish","type":"post","link":"https:\/\/www.europesays.com\/fr\/124413\/","title":{"rendered":"Plusieurs voitures en feu pr\u00e8s de Rouen, les habitants d&rsquo;un immeuble \u00e9vacu\u00e9s"},"content":{"rendered":"<p>            Par<br \/>\n        <strong><br \/>\n            <a href=\"https:\/\/actu.fr\/auteur\/eaube\" title=\"Consulter tous les articles de Elo\u00efse Aub\u00e9\" rel=\"nofollow noopener\" target=\"_blank\">Elo\u00efse Aub\u00e9<\/a><br \/>\n        <\/strong><\/p>\n<p>        Publi\u00e9 le<\/p>\n<p>            24 mai 2025 \u00e0 13h27        <\/p>\n<p>Les images sont impressionnantes. Ce samedi 24 mai 2025, depuis environ 12h, <strong>plusieurs v\u00e9hicules<\/strong> sont en feu sur le parking d\u2019un immeuble situ\u00e9 rue du panorama \u00e0 Darn\u00e9tal pr\u00e8s de <a href=\"https:\/\/actu.fr\/normandie\/rouen_76540\" rel=\"nofollow noopener\" target=\"_blank\">Rouen<\/a>.<\/p>\n<p class=\" wall-content\">D\u2019apr\u00e8s les premiers \u00e9l\u00e9ments fournis par le SDIS (Service D\u00e9partemental d\u2019Incendie et de Secours), il s\u2019agit d\u2019un parking situ\u00e9 au rez-de-chauss\u00e9e d\u2019un immeuble de six \u00e9tages.<\/p>\n<p>La zone s\u00e9curis\u00e9e<\/p>\n<p class=\" wall-content\">37 sapeurs-pompiers sont actuellement toujours sur place \u00ab\u2009dont un poste de commandement de colonne et une \u00e9quipe du groupe d\u2019exploration de longue dur\u00e9e\u2009\u00bb, explique le SDIS. Grdf, Enedis et la police sont actuellement sur place.<\/p>\n<p class=\" wall-content\">Les habitants ont \u00e9t\u00e9 \u00e9vacu\u00e9s et un p\u00e9rim\u00e8tre de s\u00e9curit\u00e9 a \u00e9t\u00e9 install\u00e9. L\u2019intervention est toujours en cours.<\/p>\n<p class=\" wall-content\">Plus d\u2019informations \u00e0 venir<\/p>\n<p>Suivez l\u2019actualit\u00e9 de Rouen sur notre<a href=\"https:\/\/www.whatsapp.com\/channel\/0029VaKfnf99hXF2ddApFB1D\" rel=\"nofollow noopener\" target=\"_blank\"> cha\u00eene WhatsApp<\/a> et sur notre <a href=\"https:\/\/www.tiktok.com\/@76actu.fr?lang=fr\" rel=\"nofollow noopener\" target=\"_blank\">compte TikTok<\/a>Vid\u00e9os : en ce moment sur Actu<\/p>\n<p class=\" wall-content\">Suivez toute l\u2019actualit\u00e9 de vos villes et m\u00e9dias favoris en vous inscrivant \u00e0 <a href=\"https:\/\/moncompte.actu.fr\" title=\"D\u00e9couvez Mon Actu\" rel=\"nofollow noopener\" data-trk=\"{&quot;cta&quot;:{&quot;action&quot;:&quot;https:\\\/\\\/moncompte.actu.fr&quot;,&quot;category&quot;:&quot;mon compte&quot;,&quot;from&quot;:&quot;article footer&quot;,&quot;name&quot;:&quot;Mon actu&quot;,&quot;type&quot;:&quot;cta&quot;}}\" target=\"_blank\">Mon Actu<\/a>.<\/p>\n<p>                    <script async src=\"\/\/www.tiktok.com\/embed.js\"><\/script><\/p>\n","protected":false},"excerpt":{"rendered":"Par Elo\u00efse Aub\u00e9 Publi\u00e9 le 24 mai 2025 \u00e0 13h27 Les images sont impressionnantes. Ce samedi 24 mai&hellip;\n","protected":false},"author":2,"featured_media":124414,"comment_status":"","ping_status":"","sticky":false,"template":"","format":"standard","meta":{"footnotes":""},"categories":[9587],"tags":[1111,11,1777,674,118,1011,27,1310,12,5161,1072,1311,25,9590],"class_list":{"0":"post-124413","1":"post","2":"type-post","3":"status-publish","4":"format-standard","5":"has-post-thumbnail","7":"category-rouen","8":"tag-actu","9":"tag-actualites","10":"tag-eu","11":"tag-europe","12":"tag-faits-divers","13":"tag-fr","14":"tag-france","15":"tag-incendie","16":"tag-news","17":"tag-normandie","18":"tag-police","19":"tag-pompiers","20":"tag-republique-francaise","21":"tag-rouen"},"share_on_mastodon":{"url":"https:\/\/pubeurope.com\/@fr\/114562636504534973","error":""},"_links":{"self":[{"href":"https:\/\/www.europesays.com\/fr\/wp-json\/wp\/v2\/posts\/124413","targetHints":{"allow":["GET"]}}],"collection":[{"href":"https:\/\/www.europesays.com\/fr\/wp-json\/wp\/v2\/posts"}],"about":[{"href":"https:\/\/www.europesays.com\/fr\/wp-json\/wp\/v2\/types\/post"}],"author":[{"embeddable":true,"href":"https:\/\/www.europesays.com\/fr\/wp-json\/wp\/v2\/users\/2"}],"replies":[{"embeddable":true,"href":"https:\/\/www.europesays.com\/fr\/wp-json\/wp\/v2\/comments?post=124413"}],"version-history":[{"count":0,"href":"https:\/\/www.europesays.com\/fr\/wp-json\/wp\/v2\/posts\/124413\/revisions"}],"wp:featuredmedia":[{"embeddable":true,"href":"https:\/\/www.europesays.com\/fr\/wp-json\/wp\/v2\/media\/124414"}],"wp:attachment":[{"href":"https:\/\/www.europesays.com\/fr\/wp-json\/wp\/v2\/media?parent=124413"}],"wp:term":[{"taxonomy":"category","embeddable":true,"href":"https:\/\/www.europesays.com\/fr\/wp-json\/wp\/v2\/categories?post=124413"},{"taxonomy":"post_tag","embeddable":true,"href":"https:\/\/www.europesays.com\/fr\/wp-json\/wp\/v2\/tags?post=124413"}],"curies":[{"name":"wp","href":"https:\/\/api.w.org\/{rel}","templated":true}]}}