{"id":124415,"date":"2025-05-24T11:44:14","date_gmt":"2025-05-24T11:44:14","guid":{"rendered":"https:\/\/www.europesays.com\/fr\/124415\/"},"modified":"2025-05-24T11:44:14","modified_gmt":"2025-05-24T11:44:14","slug":"ca-devrait-attirer-du-monde","status":"publish","type":"post","link":"https:\/\/www.europesays.com\/fr\/124415\/","title":{"rendered":"\u00ab \u00e7a devrait attirer du monde \u00bb"},"content":{"rendered":"<p>            Par<br \/>\n        <strong><br \/>\n            <a href=\"https:\/\/actu.fr\/auteur\/jessie-leclerc\" title=\"Consulter tous les articles de Jessie Leclerc\" rel=\"nofollow noopener\" target=\"_blank\">Jessie Leclerc<\/a><br \/>\n        <\/strong><\/p>\n<p>        Publi\u00e9 le<\/p>\n<p>            24 mai 2025 \u00e0 12h50        <\/p>\n<p>Un petit air de vacances flotte sur Pavilly, <a href=\"https:\/\/actu.fr\/normandie\/rouen_76540\" rel=\"nofollow noopener\" target=\"_blank\">pr\u00e8s de Rouen (Seine-Maritime)<\/a>. Une nouvelle <strong>aire de camping-cars <\/strong>s\u2019y est install\u00e9e. Depuis son ouverture, le 24\u00a0avril 2025, une centaine de voyageurs s\u2019y sont d\u00e9j\u00e0 rendus. L\u2019aire a \u00e9t\u00e9 officiellement inaugur\u00e9e le mercredi 14\u00a0mai.<\/p>\n<p>Attirer les touristes<\/p>\n<p class=\" wall-content\">Ce projet est port\u00e9 par <strong>la communaut\u00e9 de communes Caux-Austreberthe<\/strong>, qui a choisi Pavilly apr\u00e8s avoir \u00e9chang\u00e9 avec le r\u00e9seau Camping-Car Park, sp\u00e9cialiste de la gestion d\u2019aires de camping-cars. \u00ab\u2009Nous ne sommes pas exploitants, mais on facilite la gestion des aires en coop\u00e9ration avec les communes ou entreprises\u2009\u00bb, explique Pascal Laine, responsable commercial de la r\u00e9gion Normandie pour Camping-Car Park.<\/p>\n<p>    <img   decoding=\"async\" loading=\"lazy\" src=\"https:\/\/www.europesays.com\/fr\/wp-content\/uploads\/2025\/05\/20250514-113135-960x640.jpg\" alt=\"Elle a \u00e9t\u00e9 inaugur\u00e9e le 14 mai 2025.\" width=\"960\" height=\"640\"\/><br \/>\n    Elle a \u00e9t\u00e9 inaugur\u00e9e le 14\u00a0mai 2025. (\u00a9Camping-Car Park)<\/p>\n<p class=\" wall-content\">L\u2019aire a pour but de \u00ab\u2009dynamiser le territoire, avance la commune de Pavilly.\u2009Il \u00e9tait d\u2019abord pr\u00e9vu de l\u2019implanter \u00e0 Barentin, ajoute-t-elle, mais \u00e7a n\u2019a pas pu se faire.\u2009\u00bb La commune se r\u00e9jouit d\u2019\u00eatre, de ce fait, l\u2019heureuse \u00e9lue. \u00ab\u2009C\u2019est positif, car \u00e7a devrait attirer du monde\u2009\u00bb.<\/p>\n<p class=\" wall-content\"><strong>Pr\u00e8s de 150 camping-caristes sont d\u00e9j\u00e0 pass\u00e9s par ce nouveau site<\/strong> depuis son ouverture, des visiteurs venant de toute la France, mais aussi de Belgique, des Pays-Bas et d\u2019Allemagne.<\/p>\n<p>    <img   decoding=\"async\" loading=\"lazy\" src=\"https:\/\/www.europesays.com\/fr\/wp-content\/uploads\/2025\/05\/img-1042-960x640.jpeg\" alt=\"L'aire peut accueillir jusqu'\u00e0 8 grands camping-cars de 8 m\u00e8tres de long.\" width=\"960\" height=\"640\"\/><br \/>\n    L\u2019aire peut accueillir jusqu\u2019\u00e0 8 grands camping-cars de 8\u00a0m\u00e8tres de long. (\u00a9Service communication Pavilly)Vid\u00e9os : en ce moment sur Actu<\/p>\n<p class=\" wall-content\">Selon l\u2019entreprise Camping-Car Park, l\u2019implantation de cette aire permettra \u00ab\u2009d\u2019<strong>accro\u00eetre l\u2019attractivit\u00e9 touristique du territoire<\/strong> et profitera \u00e0 l\u2019ensemble <a href=\"https:\/\/actu.fr\/normandie\/pavilly_76495\/pres-de-rouen-dans-leur-foodtruck-ornella-et-hugo-font-decouvrir-la-cuisine-afropeenne_60766386.html\" rel=\"nofollow noopener\" target=\"_blank\">des acteurs locaux<\/a>\u2009\u00bb. \u00ab\u2009Le panier moyen d\u00e9pens\u00e9 par les usagers des aires que nous g\u00e9rons est de 56\u00a0euros, dont 44\u00a0euros uniquement pour les acteurs \u00e9conomiques alentour\u2009\u00bb, ajoute le gestionnaire.<\/p>\n<p class=\" wall-content\">C\u00f4t\u00e9 collectivit\u00e9s, en 2024, le r\u00e9seau a revers\u00e9 16\u00a0millions d\u2019euros aux communes disposant d\u2019aires sur leur territoire.<\/p>\n<p>Une zone strat\u00e9gique<\/p>\n<p class=\" wall-content\">L\u2019aire, situ\u00e9e aux pieds du parc de jeu Claude Monet est \u00ab\u2009proche du centre-ville de Pavilly et de ses commerces, tout en restant calme. De plus, elle est proche de la gare, permettant ainsi aux visiteurs de rejoindre Rouen en 15-20\u00a0minutes,\u2009\u00bb d\u00e9crit Pascal Laine.<\/p>\n<p class=\" wall-content\"><strong>Huit places<\/strong> peuvent accueillir, toute l\u2019ann\u00e9e, des vans, <a href=\"https:\/\/actu.fr\/normandie\/maromme_76410\/cette-entreprise-de-maromme-fabrique-des-mini-caravanes-artisanales-sur-mesure_61009714.html\" rel=\"nofollow noopener\" target=\"_blank\">caravanes<\/a> et camping-cars mesurant jusqu\u2019\u00e0 8\u00a0m\u00e8tres de long. La location d\u2019une place, services eau \u00e9lectricit\u00e9 et wifi compris, est \u00e0 <strong>13\u00a0euros la journ\u00e9e<\/strong>.<\/p>\n<p class=\" wall-content\">L\u2019aire devrait rapporter \u00e0 la communaut\u00e9 de communes Caux-Austreberthe. Un tiers du chiffre d\u2019affaires g\u00e9n\u00e9r\u00e9 par la location des places revient au gestionnaire Camping-Car Park. Les deux tiers restants sont pour la communaut\u00e9.<\/p>\n<p>Rue Rodolphe Vadet, 76570 Pavilly<\/p>\n<p>Suivez l\u2019actualit\u00e9 de Rouen <a href=\"https:\/\/www.whatsapp.com\/channel\/0029VaKfnf99hXF2ddApFB1D\" rel=\"nofollow noopener\" target=\"_blank\">sur notre cha\u00eene WhatsApp<\/a> et <a href=\"https:\/\/www.tiktok.com\/@76actu.fr?lang=fr\" rel=\"nofollow noopener\" target=\"_blank\">sur notre compte TikTok<\/a><\/p>\n<p class=\" wall-content\">Suivez toute l\u2019actualit\u00e9 de vos villes et m\u00e9dias favoris en vous inscrivant \u00e0 <a href=\"https:\/\/moncompte.actu.fr\" title=\"D\u00e9couvez Mon Actu\" rel=\"nofollow noopener\" data-trk=\"{&quot;cta&quot;:{&quot;action&quot;:&quot;https:\\\/\\\/moncompte.actu.fr&quot;,&quot;category&quot;:&quot;mon compte&quot;,&quot;from&quot;:&quot;article footer&quot;,&quot;name&quot;:&quot;Mon actu&quot;,&quot;type&quot;:&quot;cta&quot;}}\" target=\"_blank\">Mon Actu<\/a>.<\/p>\n<p>                    <script async src=\"\/\/www.tiktok.com\/embed.js\"><\/script><\/p>\n","protected":false},"excerpt":{"rendered":"Par Jessie Leclerc Publi\u00e9 le 24 mai 2025 \u00e0 12h50 Un petit air de vacances flotte sur Pavilly,&hellip;\n","protected":false},"author":2,"featured_media":124416,"comment_status":"","ping_status":"","sticky":false,"template":"","format":"standard","meta":{"footnotes":""},"categories":[9587],"tags":[1111,11,24692,11199,1777,674,1011,27,1652,12,5161,25,9590,602],"class_list":{"0":"post-124415","1":"post","2":"type-post","3":"status-publish","4":"format-standard","5":"has-post-thumbnail","7":"category-rouen","8":"tag-actu","9":"tag-actualites","10":"tag-camping","11":"tag-camping-car","12":"tag-eu","13":"tag-europe","14":"tag-fr","15":"tag-france","16":"tag-loisirs-culture","17":"tag-news","18":"tag-normandie","19":"tag-republique-francaise","20":"tag-rouen","21":"tag-tourisme"},"share_on_mastodon":{"url":"https:\/\/pubeurope.com\/@fr\/114562640403773101","error":""},"_links":{"self":[{"href":"https:\/\/www.europesays.com\/fr\/wp-json\/wp\/v2\/posts\/124415","targetHints":{"allow":["GET"]}}],"collection":[{"href":"https:\/\/www.europesays.com\/fr\/wp-json\/wp\/v2\/posts"}],"about":[{"href":"https:\/\/www.europesays.com\/fr\/wp-json\/wp\/v2\/types\/post"}],"author":[{"embeddable":true,"href":"https:\/\/www.europesays.com\/fr\/wp-json\/wp\/v2\/users\/2"}],"replies":[{"embeddable":true,"href":"https:\/\/www.europesays.com\/fr\/wp-json\/wp\/v2\/comments?post=124415"}],"version-history":[{"count":0,"href":"https:\/\/www.europesays.com\/fr\/wp-json\/wp\/v2\/posts\/124415\/revisions"}],"wp:featuredmedia":[{"embeddable":true,"href":"https:\/\/www.europesays.com\/fr\/wp-json\/wp\/v2\/media\/124416"}],"wp:attachment":[{"href":"https:\/\/www.europesays.com\/fr\/wp-json\/wp\/v2\/media?parent=124415"}],"wp:term":[{"taxonomy":"category","embeddable":true,"href":"https:\/\/www.europesays.com\/fr\/wp-json\/wp\/v2\/categories?post=124415"},{"taxonomy":"post_tag","embeddable":true,"href":"https:\/\/www.europesays.com\/fr\/wp-json\/wp\/v2\/tags?post=124415"}],"curies":[{"name":"wp","href":"https:\/\/api.w.org\/{rel}","templated":true}]}}