{"id":124417,"date":"2025-05-24T11:45:27","date_gmt":"2025-05-24T11:45:27","guid":{"rendered":"https:\/\/www.europesays.com\/fr\/124417\/"},"modified":"2025-05-24T11:45:27","modified_gmt":"2025-05-24T11:45:27","slug":"vaulnaveys-le-haut-un-the-dansant-enflamme-avec-radio-passion","status":"publish","type":"post","link":"https:\/\/www.europesays.com\/fr\/124417\/","title":{"rendered":"Vaulnaveys-le-Haut. Un th\u00e9 dansant enflamm\u00e9 avec Radio Passion"},"content":{"rendered":"<p>Les passionn\u00e9s de th\u00e9s dansants avaient rendez-vous samedi dernier \u00e0 la salle polyvalente du Champ-de-Foire, invit\u00e9s par l\u2019\u00e9quipe de Radio Passion\u00a0que dirige Gr\u00e9gory Manoukian. Sur sc\u00e8ne, le groupe Temps danse avec Lionel et Hubert \u00e0 l\u2019accord\u00e9on et au piano, ont ravi les pr\u00e9sents. Radio Passion st une radio locale install\u00e9e sur la commune de Vaulnaveys-le-Haut et qui \u00e9met sur 90.3 \u00e0 Grenoble, 105.5 \u00e0 La Mure et 90.6 \u00e0 Voiron.<\/p>\n<p class=\"note\">Contact\u00a0: www.radiopassion.fr et\u00a004\u00a076\u00a089\u00a025\u00a052.<\/p>\n","protected":false},"excerpt":{"rendered":"Les passionn\u00e9s de th\u00e9s dansants avaient rendez-vous samedi dernier \u00e0 la salle polyvalente du Champ-de-Foire, invit\u00e9s par l\u2019\u00e9quipe&hellip;\n","protected":false},"author":2,"featured_media":124418,"comment_status":"","ping_status":"","sticky":false,"template":"","format":"standard","meta":{"footnotes":""},"categories":[9566],"tags":[1111,11,2430,1687,113,1777,674,1011,27,2731,12,4043,25,17481,953,24693],"class_list":{"0":"post-124417","1":"post","2":"type-post","3":"status-publish","4":"format-standard","5":"has-post-thumbnail","7":"category-grenoble","8":"tag-actu","9":"tag-actualites","10":"tag-auvergne-rhone-alpes","11":"tag-culture-loisirs","12":"tag-edition-gresivaudan-oisans","13":"tag-eu","14":"tag-europe","15":"tag-fr","16":"tag-france","17":"tag-grenoble","18":"tag-news","19":"tag-repas-et-the-dansant","20":"tag-republique-francaise","21":"tag-romanche","22":"tag-soiree","23":"tag-vaulnaveys-le-haut"},"share_on_mastodon":{"url":"https:\/\/pubeurope.com\/@fr\/114562644344332683","error":""},"_links":{"self":[{"href":"https:\/\/www.europesays.com\/fr\/wp-json\/wp\/v2\/posts\/124417","targetHints":{"allow":["GET"]}}],"collection":[{"href":"https:\/\/www.europesays.com\/fr\/wp-json\/wp\/v2\/posts"}],"about":[{"href":"https:\/\/www.europesays.com\/fr\/wp-json\/wp\/v2\/types\/post"}],"author":[{"embeddable":true,"href":"https:\/\/www.europesays.com\/fr\/wp-json\/wp\/v2\/users\/2"}],"replies":[{"embeddable":true,"href":"https:\/\/www.europesays.com\/fr\/wp-json\/wp\/v2\/comments?post=124417"}],"version-history":[{"count":0,"href":"https:\/\/www.europesays.com\/fr\/wp-json\/wp\/v2\/posts\/124417\/revisions"}],"wp:featuredmedia":[{"embeddable":true,"href":"https:\/\/www.europesays.com\/fr\/wp-json\/wp\/v2\/media\/124418"}],"wp:attachment":[{"href":"https:\/\/www.europesays.com\/fr\/wp-json\/wp\/v2\/media?parent=124417"}],"wp:term":[{"taxonomy":"category","embeddable":true,"href":"https:\/\/www.europesays.com\/fr\/wp-json\/wp\/v2\/categories?post=124417"},{"taxonomy":"post_tag","embeddable":true,"href":"https:\/\/www.europesays.com\/fr\/wp-json\/wp\/v2\/tags?post=124417"}],"curies":[{"name":"wp","href":"https:\/\/api.w.org\/{rel}","templated":true}]}}