{"id":124425,"date":"2025-05-24T11:49:35","date_gmt":"2025-05-24T11:49:35","guid":{"rendered":"https:\/\/www.europesays.com\/fr\/124425\/"},"modified":"2025-05-24T11:49:35","modified_gmt":"2025-05-24T11:49:35","slug":"les-enfants-confines-pendant-une-heure","status":"publish","type":"post","link":"https:\/\/www.europesays.com\/fr\/124425\/","title":{"rendered":"les enfants confin\u00e9s pendant une heure"},"content":{"rendered":"<p>Vers 15\u00a0h\u00a020, ce vendredi 23\u00a0mai, une institutrice de maternelle de l\u2019\u00e9cole Eleonore du quartier Hautepierre \u00e0 Strasbourg a appel\u00e9 la police pour signaler la pr\u00e9sence de trois jeunes d\u2019une quinzaine d\u2019ann\u00e9es v\u00eatus de noir dont l\u2019un serait porteur d\u2019une arme de poing dans une aire de jeux situ\u00e9e en face de l\u2019\u00e9cole, place \u00c9rasme.<\/p>\n<p>L&rsquo;enseignante a confin\u00e9 les enfants en attendant l\u2019arriv\u00e9e de la police. Un \u00e9quipage de la Brigade sp\u00e9cialis\u00e9e de terrain (BST) a \u00e9t\u00e9 d\u00e9p\u00each\u00e9 sur place. Une patrouille a fait le tour du quartier\u00a0: aucun jeune avec couteau n&rsquo;a \u00e9t\u00e9 rep\u00e9r\u00e9. La classe et l&rsquo;\u00e9cole ont \u00e9t\u00e9 d\u00e9confin\u00e9es \u00e0 16\u00a0h\u00a015.<\/p>\n","protected":false},"excerpt":{"rendered":"Vers 15\u00a0h\u00a020, ce vendredi 23\u00a0mai, une institutrice de maternelle de l\u2019\u00e9cole Eleonore du quartier Hautepierre \u00e0 Strasbourg a&hellip;\n","protected":false},"author":2,"featured_media":124426,"comment_status":"","ping_status":"","sticky":false,"template":"","format":"standard","meta":{"footnotes":""},"categories":[2820],"tags":[1111,11,2880,1777,674,274,107,1011,27,775,12,25,640,2879],"class_list":{"0":"post-124425","1":"post","2":"type-post","3":"status-publish","4":"format-standard","5":"has-post-thumbnail","7":"category-strasbourg","8":"tag-actu","9":"tag-actualites","10":"tag-edition-strasbourg","11":"tag-eu","12":"tag-europe","13":"tag-faits-divers-justice","14":"tag-fil-info","15":"tag-fr","16":"tag-france","17":"tag-grand-est","18":"tag-news","19":"tag-republique-francaise","20":"tag-strasbourg","21":"tag-strasbourg-ville"},"share_on_mastodon":{"url":"https:\/\/pubeurope.com\/@fr\/114562660011152501","error":""},"_links":{"self":[{"href":"https:\/\/www.europesays.com\/fr\/wp-json\/wp\/v2\/posts\/124425","targetHints":{"allow":["GET"]}}],"collection":[{"href":"https:\/\/www.europesays.com\/fr\/wp-json\/wp\/v2\/posts"}],"about":[{"href":"https:\/\/www.europesays.com\/fr\/wp-json\/wp\/v2\/types\/post"}],"author":[{"embeddable":true,"href":"https:\/\/www.europesays.com\/fr\/wp-json\/wp\/v2\/users\/2"}],"replies":[{"embeddable":true,"href":"https:\/\/www.europesays.com\/fr\/wp-json\/wp\/v2\/comments?post=124425"}],"version-history":[{"count":0,"href":"https:\/\/www.europesays.com\/fr\/wp-json\/wp\/v2\/posts\/124425\/revisions"}],"wp:featuredmedia":[{"embeddable":true,"href":"https:\/\/www.europesays.com\/fr\/wp-json\/wp\/v2\/media\/124426"}],"wp:attachment":[{"href":"https:\/\/www.europesays.com\/fr\/wp-json\/wp\/v2\/media?parent=124425"}],"wp:term":[{"taxonomy":"category","embeddable":true,"href":"https:\/\/www.europesays.com\/fr\/wp-json\/wp\/v2\/categories?post=124425"},{"taxonomy":"post_tag","embeddable":true,"href":"https:\/\/www.europesays.com\/fr\/wp-json\/wp\/v2\/tags?post=124425"}],"curies":[{"name":"wp","href":"https:\/\/api.w.org\/{rel}","templated":true}]}}