{"id":124427,"date":"2025-05-24T11:50:17","date_gmt":"2025-05-24T11:50:17","guid":{"rendered":"https:\/\/www.europesays.com\/fr\/124427\/"},"modified":"2025-05-24T11:50:17","modified_gmt":"2025-05-24T11:50:17","slug":"en-direct-internationaux-de-strasbourg-suivez-la-derniere-journee-des-is-avec-la-finale-du-double-a-11h30-et-du-simple-a-14h","status":"publish","type":"post","link":"https:\/\/www.europesays.com\/fr\/124427\/","title":{"rendered":"En direct Internationaux de Strasbourg. Suivez la derni\u00e8re journ\u00e9e des IS avec la finale du double \u00e0 11h30 et du simple \u00e0 14h"},"content":{"rendered":"<p>Le tournoi de double existe depuis 1987, date de cr\u00e9ation des IS<\/p>\n<p>La plupart des duos qui ont soulev\u00e9 le troph\u00e9e \u00e9taient de vrais sp\u00e9cialistes mais parfois, des \u00e9quipes plus improbables ont r\u00e9ussi \u00e0 gagner la finale.<\/p>\n<p>Parmi les tandems qui se sont illustr\u00e9s\u00a0\u00a0: Davenport\/Fernandez (1995), les Fran\u00e7aises Fusai\/Tauziat (1998), Huber\/Navratilova (2006), Dechy\/Santangelo (2009), King\/Cornet (2010), Dellacqua\/Barty (2014).<\/p>\n","protected":false},"excerpt":{"rendered":"Le tournoi de double existe depuis 1987, date de cr\u00e9ation des IS La plupart des duos qui ont&hellip;\n","protected":false},"author":2,"featured_media":124428,"comment_status":"","ping_status":"","sticky":false,"template":"","format":"standard","meta":{"footnotes":""},"categories":[2820],"tags":[1111,11,2649,3545,2880,1777,674,107,1701,1011,27,775,16055,12,25,517,640,1467],"class_list":{"0":"post-124427","1":"post","2":"type-post","3":"status-publish","4":"format-standard","5":"has-post-thumbnail","7":"category-strasbourg","8":"tag-actu","9":"tag-actualites","10":"tag-bas-rhin","11":"tag-direct-sport","12":"tag-edition-strasbourg","13":"tag-eu","14":"tag-europe","15":"tag-fil-info","16":"tag-fil-info-sport","17":"tag-fr","18":"tag-france","19":"tag-grand-est","20":"tag-internationaux-de-strasbourg","21":"tag-news","22":"tag-republique-francaise","23":"tag-sport","24":"tag-strasbourg","25":"tag-tennis"},"share_on_mastodon":{"url":"https:\/\/pubeurope.com\/@fr\/114562663932273098","error":""},"_links":{"self":[{"href":"https:\/\/www.europesays.com\/fr\/wp-json\/wp\/v2\/posts\/124427","targetHints":{"allow":["GET"]}}],"collection":[{"href":"https:\/\/www.europesays.com\/fr\/wp-json\/wp\/v2\/posts"}],"about":[{"href":"https:\/\/www.europesays.com\/fr\/wp-json\/wp\/v2\/types\/post"}],"author":[{"embeddable":true,"href":"https:\/\/www.europesays.com\/fr\/wp-json\/wp\/v2\/users\/2"}],"replies":[{"embeddable":true,"href":"https:\/\/www.europesays.com\/fr\/wp-json\/wp\/v2\/comments?post=124427"}],"version-history":[{"count":0,"href":"https:\/\/www.europesays.com\/fr\/wp-json\/wp\/v2\/posts\/124427\/revisions"}],"wp:featuredmedia":[{"embeddable":true,"href":"https:\/\/www.europesays.com\/fr\/wp-json\/wp\/v2\/media\/124428"}],"wp:attachment":[{"href":"https:\/\/www.europesays.com\/fr\/wp-json\/wp\/v2\/media?parent=124427"}],"wp:term":[{"taxonomy":"category","embeddable":true,"href":"https:\/\/www.europesays.com\/fr\/wp-json\/wp\/v2\/categories?post=124427"},{"taxonomy":"post_tag","embeddable":true,"href":"https:\/\/www.europesays.com\/fr\/wp-json\/wp\/v2\/tags?post=124427"}],"curies":[{"name":"wp","href":"https:\/\/api.w.org\/{rel}","templated":true}]}}