{"id":124429,"date":"2025-05-24T11:51:09","date_gmt":"2025-05-24T11:51:09","guid":{"rendered":"https:\/\/www.europesays.com\/fr\/124429\/"},"modified":"2025-05-24T11:51:09","modified_gmt":"2025-05-24T11:51:09","slug":"trois-nouvelles-enseignes-debarquent-a-cap-3000-a-saint-laurent-du-var","status":"publish","type":"post","link":"https:\/\/www.europesays.com\/fr\/124429\/","title":{"rendered":"Trois nouvelles enseignes d\u00e9barquent \u00e0 Cap 3000 \u00e0 Saint-Laurent-du-Var"},"content":{"rendered":"<p>\u00c7a bouge encore \u00e0 Cap 3000. Cette semaine, la boutique <strong>Souleiado<\/strong> s\u2019est ouverte et a apport\u00e9 ses imprim\u00e9s solaires et proven\u00e7aux ainsi que son savoir-faire textile.<\/p>\n<p>Cette maison embl\u00e9matique du Sud de la France au vestiaire chic et color\u00e9, s\u2019est install\u00e9e au niveau 1, au c\u0153ur du Corso, sur 200m2 de surface de vente, \u00e0 la place de Jacobson.<\/p>\n<p>Au-del\u00e0 des tenues proven\u00e7ales chics, cette arriv\u00e9e au sein du Corso s\u2019inscrit dans une volont\u00e9 de valoriser les maisons patrimoniales fran\u00e7aises en proposant, dans le cas pr\u00e9cis, non pas une mode, mais un style authentique et intemporel.<\/p>\n<p>Ce n\u2019est pas tout: deux nouvelles enseignes arrivent cet \u00e9t\u00e9 dans le centre: <strong>Cabaia<\/strong> et <strong>Hollister<\/strong>.<\/p>\n<p>D\u2019abord Cabaia. La marque fran\u00e7aise de sacs \u00e0 dos et bagages modulaires, qui font bouger les lignes des mobilit\u00e9s du quotidien, a choisi le c\u00e9l\u00e8bre centre commercial laurentin pour lancer son tout premier magasin en propre, dans les Alpes-Maritimes.<\/p>\n<p>Elle s\u2019installera au niveau 1, sur 55m2 ouverts au public, sur l\u2019emplacement pr\u00e9c\u00e9demment occup\u00e9 par La Cure Gourmande.<\/p>\n<p>Connue pour son design innovant et son engagement esth\u00e9tique, Cabaia s\u2019est impos\u00e9e comme une r\u00e9f\u00e9rence sur les r\u00e9seaux sociaux et dans la rue. Ouverture pr\u00e9vue fin juin.<\/p>\n<p><strong>Satisfaire la g\u00e9n\u00e9ration Alpha<\/strong><\/p>\n<p>Autre information de taille: on sait qui va venir au niveau z\u00e9ro, \u00e0 la place de Mango, qui a d\u00e9m\u00e9nag\u00e9 sur l\u2019ex-cellule de Capsule, \u00e0 l\u2019entr\u00e9e du Corso, voil\u00e0 plusieurs mois.<\/p>\n<p>C\u2019est Hollister, marque iconique de pr\u00eat-\u00e0-porter inspir\u00e9e de l\u2019ambiance californienne avec ses tenues d\u00e9contract\u00e9es et de style surfeur.<\/p>\n<p>Cette implantation est tr\u00e8s attendue, car elle renforce l\u2019offre fashion du centre, \u00e0 destination de la g\u00e9n\u00e9ration Alpha, autrement dit, celle n\u00e9e au XXIe si\u00e8cle. La marque ouvrira en juillet-ao\u00fbt, sur 375m2 de surface de vente.<\/p>\n<p>Au-del\u00e0 de ces ouvertures tendance, les deux enseignes s\u2019inscrivent dans une dynamique forte aux c\u00f4t\u00e9s d\u2019autres boutiques ouvertes depuis le d\u00e9but de l\u2019ann\u00e9e: <strong>Barbarac<\/strong> (glaces), <strong>Mancini Junior<\/strong> (mode pour les plus jeunes), le restaurant <strong>Mamoune<\/strong>, <strong>Clopa Cabana<\/strong> (cigarettes \u00e9lectroniques), <strong>Kiosque du Cap<\/strong> (snack sur le pouce), <strong>Mademoiselle Vernis<\/strong> (bar \u00e0 ongles), <strong>Havaianas<\/strong> (tongs et sandales).<\/p>\n<p><strong>Un art de vivre pluriel<\/strong><\/p>\n<p>Et il para\u00eet que ce n\u2019est qu\u2019un d\u00e9but, avant une arriv\u00e9e suppl\u00e9mentaire de marques top niveau. D\u2019ici la fin de l\u2019ann\u00e9e, en effet, le nombre d\u2019ouvertures pr\u00e9vues, passera de 30 annonc\u00e9es \u00e0 un minimum de 40.<\/p>\n<p>Cette actualit\u00e9, qui ne manque pas d\u2019\u00e9toffe, conforte Cap 3000 dans sa position de destination \u00ab\u00a0lifestyle\u00a0\u00bb incontournable de la C\u00f4te d\u2019Azur.<\/p>\n<p>Cela signifie que le g\u00e9ant commercial laurentin propose plus qu\u2019une offre commerciale, mais incarne \u00e9galement un v\u00e9ritable art de vivre, en phase avec les attentes contemporaines des consommateurs: on vient l\u00e0 pour faire son shopping, se restaurer face \u00e0 la mer, faire du sport, se divertir, vivre des moments culturels et \u00e9v\u00e9nementiels comme le concert \u00e9lectro de Cassius, le cin\u00e9ma en plein air ou les d\u00e9monstrations de BMX du champion du monde Alex Jumelin.<\/p>\n","protected":false},"excerpt":{"rendered":"\u00c7a bouge encore \u00e0 Cap 3000. Cette semaine, la boutique Souleiado s\u2019est ouverte et a apport\u00e9 ses imprim\u00e9s&hellip;\n","protected":false},"author":2,"featured_media":124430,"comment_status":"","ping_status":"","sticky":false,"template":"","format":"standard","meta":{"footnotes":""},"categories":[2819],"tags":[1111,11,2876,1777,674,1011,27,12,2401,882,25],"class_list":{"0":"post-124429","1":"post","2":"type-post","3":"status-publish","4":"format-standard","5":"has-post-thumbnail","7":"category-nice","8":"tag-actu","9":"tag-actualites","10":"tag-conso-shopping","11":"tag-eu","12":"tag-europe","13":"tag-fr","14":"tag-france","15":"tag-news","16":"tag-nice","17":"tag-provence-alpes-cote-dazur","18":"tag-republique-francaise"},"share_on_mastodon":{"url":"https:\/\/pubeurope.com\/@fr\/114562667850048119","error":""},"_links":{"self":[{"href":"https:\/\/www.europesays.com\/fr\/wp-json\/wp\/v2\/posts\/124429","targetHints":{"allow":["GET"]}}],"collection":[{"href":"https:\/\/www.europesays.com\/fr\/wp-json\/wp\/v2\/posts"}],"about":[{"href":"https:\/\/www.europesays.com\/fr\/wp-json\/wp\/v2\/types\/post"}],"author":[{"embeddable":true,"href":"https:\/\/www.europesays.com\/fr\/wp-json\/wp\/v2\/users\/2"}],"replies":[{"embeddable":true,"href":"https:\/\/www.europesays.com\/fr\/wp-json\/wp\/v2\/comments?post=124429"}],"version-history":[{"count":0,"href":"https:\/\/www.europesays.com\/fr\/wp-json\/wp\/v2\/posts\/124429\/revisions"}],"wp:featuredmedia":[{"embeddable":true,"href":"https:\/\/www.europesays.com\/fr\/wp-json\/wp\/v2\/media\/124430"}],"wp:attachment":[{"href":"https:\/\/www.europesays.com\/fr\/wp-json\/wp\/v2\/media?parent=124429"}],"wp:term":[{"taxonomy":"category","embeddable":true,"href":"https:\/\/www.europesays.com\/fr\/wp-json\/wp\/v2\/categories?post=124429"},{"taxonomy":"post_tag","embeddable":true,"href":"https:\/\/www.europesays.com\/fr\/wp-json\/wp\/v2\/tags?post=124429"}],"curies":[{"name":"wp","href":"https:\/\/api.w.org\/{rel}","templated":true}]}}