{"id":124437,"date":"2025-05-24T11:56:09","date_gmt":"2025-05-24T11:56:09","guid":{"rendered":"https:\/\/www.europesays.com\/fr\/124437\/"},"modified":"2025-05-24T11:56:09","modified_gmt":"2025-05-24T11:56:09","slug":"girondins-pourquoi-maintenir-bruno-irles-est-une-bonne-chose-pour-bordeaux","status":"publish","type":"post","link":"https:\/\/www.europesays.com\/fr\/124437\/","title":{"rendered":"Girondins : pourquoi maintenir Bruno Irl\u00e8s est une bonne chose pour Bordeaux ?"},"content":{"rendered":"<p><img decoding=\"async\" src=\"https:\/\/www.europesays.com\/fr\/wp-content\/uploads\/2025\/05\/671_50a4dc80576bdf63845abadcbd8a53d2.jpg\" alt=\"Girondins : pourquoi maintenir Bruno Irl\u00e8s est une bonne chose pour Bordeaux ?\" class=\"img-responsive mt-3\"\/><\/p>\n<p class=\"text-center mb-3\" style=\"font-size: 14px\">\u00a9 Iconsport<\/p>\n<p style=\"text-align: justify;\">\u00c9coutez ses propos ou lisez-les :<\/p>\n<p>\u00a0<\/p>\n<p><strong>\u201cCe n&rsquo;est pas parce que tu fais une mauvaise saison que tu ne peux pas t\u2019am\u00e9liorer derri\u00e8re\u201d<\/strong><\/p>\n<p style=\"text-align: justify;\">Jonathan d\u2019Agostino dans le <a href=\"https:\/\/www.youtube.com\/watch?v=U4-g4avnAMM&amp;t=8s\" target=\"_blank\" rel=\"noopener\">Talk sur WebGirondins<\/a> : \u201cLa logique, ce n&rsquo;est pas de savoir quel joueur va rester ou partir avant de savoir qui sera ton entra\u00eeneur. Sportivement, c&rsquo;est une erreur compl\u00e8te. J&rsquo;esp\u00e8re qu\u2019ils ont d\u00e9j\u00e0 pris une d\u00e9cision par rapport \u00e0 Irl\u00e8s. Ou alors, c&rsquo;est qu&rsquo;ils choisissent des joueurs en fonction de ce qui est plus int\u00e9ressant pour eux.\u00a0\u00bb<\/p>\n<p><strong>\u00ab\u00a0Je pense qu&rsquo;il y a beaucoup de joueurs qui \u00e9taient surcot\u00e9s, sur\u00e9valu\u00e9s\u00a0\u00bb<\/strong><\/p>\n<p style=\"text-align: justify;\">\u00ab\u00a0Je ne suis pas ferm\u00e9 \u00e0 ce que Bruno Irl\u00e8s refasse une saison. Que tu sois coach ou joueur, ce n\u2019est pas parce que tu fais une mauvaise saison que tu ne peux pas t\u2019am\u00e9liorer derri\u00e8re. Il y a eu un contexte tr\u00e8s particulier cette saison o\u00f9 on peut lui trouver des excuses. Le contexte de pr\u00e9paration, le contexte de la saison, le contexte de survie du club, \u00e7a n&rsquo;aide pas un coach \u00e0 travailler dans les meilleures conditions. C&rsquo;\u00e9tait compliqu\u00e9 pour lui cette saison. De plus, je pense qu&rsquo;il y a beaucoup de joueurs qui \u00e9taient surcot\u00e9s, sur\u00e9valu\u00e9s, notamment au niveau du salaire.\u201d<\/p>\n<p><strong>\u201cPsychologiquement, on voit tr\u00e8s bien qu\u2019il a pris 10 ans\u201d<\/strong><\/p>\n<p style=\"text-align: justify;\">\u201cCe qui ne me rassure pas chez lui, c&rsquo;est sur sa capacit\u00e9 de remise en question et sur sa capacit\u00e9 d&rsquo;adaptation. Au vu de la saison, le manque d&rsquo;\u00e9volution des joueurs, de son \u00e9quipe, la baisse de r\u00e9gime d\u00e8s f\u00e9vriers sans qu&rsquo;il ait pu apporter une r\u00e9ponse, et son humeur de plus en plus irrit\u00e9e au fil de la saison, surtout au dernier match o\u00f9 il refuse de parler aux joueurs, je me pose des questions sur son caract\u00e8re. Ce sont des questions que j&rsquo;avais d\u00e9j\u00e0 au d\u00e9but de la saison. \u00c0 Troyes, \u00e0 Pau, \u00e0 part \u00e0 QRM, il a toujours \u00e9t\u00e9 en conflit \u00e0 un moment donn\u00e9, avec la direction ou avec les joueurs. G\u00e9n\u00e9ralement, c&rsquo;est la direction. Cette ann\u00e9e, \u00e7a ne semble pas \u00eatre le cas. C&rsquo;est \u00e7a qui est un peu plus \u00e9tonnant. Ce qui m&rsquo;inqui\u00e8te aussi, c&rsquo;est l&rsquo;\u00e9volution psychologique de l\u2019homme au fur et \u00e0 mesure de la saison. Psychologiquement, on voit tr\u00e8s bien qu\u2019 il a pris 10 ans.\u201d<\/p>\n<p><strong>\u201cIl a \u00e9t\u00e9 le seul \u00e0 communiquer avec les m\u00e9dias cette saison\u201d<\/strong><\/p>\n<p style=\"text-align: justify;\">\u201cMaintenant, il y a quand m\u00eame un truc qui joue en sa faveur. C&rsquo;est que \u00e7a a \u00e9t\u00e9 le seul, au niveau sportif en tout cas, \u00e0 communiquer avec les m\u00e9dias cette saison. C&rsquo;\u00e9tait vraiment l&rsquo;image du club, celui qui parlait au nom du club.\u201d<\/p>\n<p><strong>Bruno Irl\u00e8s sera l\u2019entra\u00eeneur la saison prochaine, sous conditions<\/strong><\/p>\n<p style=\"text-align: justify;\">Selon Sud-Ouest, <a href=\"https:\/\/www.webgirondins.com\/actualite-girondins-girondins-de-bordeaux-gerard-lopez-reconduit-bruno-irles-comme-entraineur-sous-conditions-129183\" target=\"_blank\" rel=\"noopener\">G\u00e9rard Lopez aurait annonc\u00e9 jeudi au t\u00e9l\u00e9phone \u00e0 Bruno Irl\u00e8s qu\u2019il serait toujours l\u2019entra\u00eeneur des Girondins de Bordeaux<\/a> la saison prochaine. \u00c0 la seule condition que le plan de continuation soit accept\u00e9 par le tribunal de commerce. L\u2019objectif de cette reconduction est une mont\u00e9e en National 1. Le remplissage de l\u2019objectif pourrait \u00eatre synonyme d\u2019une prolongation d\u2019une saison suppl\u00e9mentaire.<\/p>\n<p style=\"text-align: justify;\">J.L<\/p>\n<p>\u00c0 lire &gt;&gt;\u00a0<strong><a href=\"https:\/\/www.webgirondins.com\/actualite-girondins-girondins-le-kop-33-appelle-a-un-rassemblement-devant-le-tribunal-de-commerce-de-bordeaux-129192\" target=\"_blank\" rel=\"noopener\">le Kop 33 appelle \u00e0 un rassemblement devant le tribunal de commerce de Bordeaux<\/a><\/strong><\/p>\n<p style=\"text-align: justify;\">\u00a0<\/p>\n","protected":false},"excerpt":{"rendered":"\u00a9 Iconsport \u00c9coutez ses propos ou lisez-les : \u00a0 \u201cCe n&rsquo;est pas parce que tu fais une mauvaise&hellip;\n","protected":false},"author":2,"featured_media":124438,"comment_status":"","ping_status":"","sticky":false,"template":"","format":"standard","meta":{"footnotes":""},"categories":[2817],"tags":[1111,11,11690,1997,3211,24695,1993,1448,1994,24696,1777,674,1011,27,1987,3212,472,9085,12,2219,471,7555,12880,25,3242],"class_list":{"0":"post-124437","1":"post","2":"type-post","3":"status-publish","4":"format-standard","5":"has-post-thumbnail","7":"category-bordeaux","8":"tag-actu","9":"tag-actualites","10":"tag-bonne","11":"tag-bordeaux","12":"tag-bruno","13":"tag-chose","14":"tag-comme","15":"tag-difficile","16":"tag-entraineur","17":"tag-envisagent","18":"tag-eu","19":"tag-europe","20":"tag-fr","21":"tag-france","22":"tag-girondins","23":"tag-irles","24":"tag-maintenir","25":"tag-malgre","26":"tag-news","27":"tag-nouvelle-aquitaine","28":"tag-pour","29":"tag-pourquoi","30":"tag-prochaine","31":"tag-republique-francaise","32":"tag-saison"},"share_on_mastodon":{"url":"https:\/\/pubeurope.com\/@fr\/114562687544319411","error":""},"_links":{"self":[{"href":"https:\/\/www.europesays.com\/fr\/wp-json\/wp\/v2\/posts\/124437","targetHints":{"allow":["GET"]}}],"collection":[{"href":"https:\/\/www.europesays.com\/fr\/wp-json\/wp\/v2\/posts"}],"about":[{"href":"https:\/\/www.europesays.com\/fr\/wp-json\/wp\/v2\/types\/post"}],"author":[{"embeddable":true,"href":"https:\/\/www.europesays.com\/fr\/wp-json\/wp\/v2\/users\/2"}],"replies":[{"embeddable":true,"href":"https:\/\/www.europesays.com\/fr\/wp-json\/wp\/v2\/comments?post=124437"}],"version-history":[{"count":0,"href":"https:\/\/www.europesays.com\/fr\/wp-json\/wp\/v2\/posts\/124437\/revisions"}],"wp:featuredmedia":[{"embeddable":true,"href":"https:\/\/www.europesays.com\/fr\/wp-json\/wp\/v2\/media\/124438"}],"wp:attachment":[{"href":"https:\/\/www.europesays.com\/fr\/wp-json\/wp\/v2\/media?parent=124437"}],"wp:term":[{"taxonomy":"category","embeddable":true,"href":"https:\/\/www.europesays.com\/fr\/wp-json\/wp\/v2\/categories?post=124437"},{"taxonomy":"post_tag","embeddable":true,"href":"https:\/\/www.europesays.com\/fr\/wp-json\/wp\/v2\/tags?post=124437"}],"curies":[{"name":"wp","href":"https:\/\/api.w.org\/{rel}","templated":true}]}}