{"id":12444,"date":"2025-04-09T11:03:08","date_gmt":"2025-04-09T11:03:08","guid":{"rendered":"https:\/\/www.europesays.com\/fr\/12444\/"},"modified":"2025-04-09T11:03:08","modified_gmt":"2025-04-09T11:03:08","slug":"universal-va-ouvrir-son-premier-parc-dattractions-en-europe-en-2031-au-royaume-uni","status":"publish","type":"post","link":"https:\/\/www.europesays.com\/fr\/12444\/","title":{"rendered":"Universal va ouvrir son premier parc d\u2019attractions en Europe en 2031, au Royaume-Uni"},"content":{"rendered":"<p>Le site de Bedford devrait g\u00e9n\u00e9rer 58 milliards d\u2019euros pour l\u2019\u00e9conomie britannique d\u2019ici 2055, avec plus de 8,5 millions de visiteurs attendus au cours de sa premi\u00e8re ann\u00e9e, et 28.000 emplois cr\u00e9\u00e9s, esp\u00e8re Downing Street.<\/p>\n<p class=\"fig-paragraph\">Le premier ministre britannique Keir Starmer a annonc\u00e9 mercredi 9 avril avoir conclu un accord avec le groupe am\u00e9ricain Comcast pour l&rsquo;ouverture en 2031 du premier parc d&rsquo;attractions des\u00a0<a href=\"https:\/\/video.lefigaro.fr\/figaro\/video\/pour-noel-le-chateau-dharry-potter-sillumine-dans-le-parc-universal-studios\/\" target=\"_blank\" data-fig-type=\"Video\" rel=\"noopener\" data-gtm-custom-categorie=\"navigation\" data-gtm-custom-action=\"crossclick\" data-gtm-custom-label=\"Contextuel\" data-gtm-event=\"customEventSPE\" data-fig-domain=\"VIDEO\">studios Universal<\/a>\u00a0en Europe. \u00abAujourd&rsquo;hui, nous avons conclu un accord sur un investissement de plusieurs milliards de livres qui verra Bedford (nord de Londres) accueillir l&rsquo;un des plus grands parcs de divertissements d&rsquo;Europe\u00bb, s&rsquo;est f\u00e9licit\u00e9 le dirigeant travailliste, cit\u00e9 dans un communiqu\u00e9.<\/p>\n<p class=\"fig-paragraph\">La ville de Bedford, \u00e0 quelque 80 km au nord de Londres, va \u00abaccueillir l\u2019un des plus grands parcs de divertissement d\u2019Europe\u00bb, a poursuivi Starmer, ajoutant que le projet allait \u00abcr\u00e9er quelque 28.000 emplois, dans les secteurs de la construction, l\u2019intelligence artificielle et le tourisme.\u00bb Le montant exact de l\u2019accord avec le g\u00e9ant am\u00e9ricain Comcast, qui poss\u00e8de les studios Universal, n\u2019a pas \u00e9t\u00e9 d\u00e9voil\u00e9. Il est l\u2019aboutissement de plusieurs d\u00e9cennies de discussions avec les dirigeants britanniques.<\/p>\n<p>    Keir Starmer et Mike Cavanagh, pr\u00e9sident de Comcast, pr\u00e9sentent le projet de parc britannique.<br \/>\n                STEFAN ROUSSEAU \/ AFP<\/p>\n<p>5 parcs Universal dans le monde<\/p>\n<p class=\"fig-paragraph\">\u00c0 ce jour, il existe cinq parcs ou complexes de parcs Universal dans le monde. Deux aux \u00c9tats-Unis (Los Angeles et Orlando en Floride), un en Chine \u00e0 P\u00e9kin, un au Japon \u00e0 Osaka et un autre \u00e0 Singapour. Les visiteurs pourraient profiter d\u2019attractions autour des plus grands succ\u00e8s de la franchise du mythique studio hollywoodien parmi lesquels les Minions, Jurassic World, Fast &amp; Furious ou encore la saga Harry Potter.<\/p>\n<p class=\"fig-paragraph\">Le site devrait g\u00e9n\u00e9rer 50 milliards de livres (58 milliards d\u2019euros) pour l\u2019\u00e9conomie d\u2019ici 2055, avec plus de 8,5 millions de visiteurs attendus au cours de sa premi\u00e8re ann\u00e9e, indique Downing Street. \u00abNous sommes plus qu\u2019enthousiastes \u00e0 l\u2019id\u00e9e de franchir cette \u00e9tape tr\u00e8s importante dans notre plan visant \u00e0 cr\u00e9er un incroyable parc \u00e0 th\u00e8me au c\u0153ur du Royaume-Uni, qui compl\u00e8te notre activit\u00e9 croissante de parcs aux \u00c9tats-Unis, en \u00e9tendant notre territoire \u00e0 l\u2019Europe\u00bb, a d\u00e9clar\u00e9 Mike Cavanagh, pr\u00e9sident de Comcast Corporation, cit\u00e9 dans le communiqu\u00e9.<\/p>\n<p>    Le visuel du projet britannique partag\u00e9 par Universal.<br \/>\n                Universal Destinations &amp; Experiences<\/p>\n<p>200 hectares au sud de Bedford<\/p>\n<p class=\"fig-paragraph\">Le groupe am\u00e9ricain a achet\u00e9 en 2023 un terrain de plus de 200 hectares au sud de Bedford, qui abritait autrefois une briqueterie. Le site est particuli\u00e8rement bien desservi par les transports en commun. Il est accessible en plus d\u2019une heure de train depuis la gare londonienne de Saint-Pancras, qui permet des liaisons en Eurostar avec Paris, Bruxelles ou Amsterdam. Et l\u2019a\u00e9roport de Luton, situ\u00e9 non loin, doit faire l\u2019objet d\u2019un agrandissement.<\/p>\n<p class=\"fig-paragraph\">Pr\u00e9vu pour ouvrir en 2031, ce complexe de loisirs in\u00e9dit en Europe devrait \u00eatre l\u2019un des plus grands du continent et rivaliser avec celui, mondialement connu, de Disneyland Paris (16 millions de visiteurs en 2023). Au programme, des r\u00e9cits immersifs, des man\u00e8ges, des attractions et un h\u00f4tel de 500 chambres. \u00abDe Wicked aux Minions, Universal est derri\u00e8re quelques-uns des plus gros succ\u00e8s des derni\u00e8res ann\u00e9es\u00bb, a soulign\u00e9 la secr\u00e9taire d\u2019\u00c9tat \u00e0 la Culture, Lisa Nandy. Universal n\u2019a pas r\u00e9v\u00e9l\u00e9 quelles seraient les attractions. Mais la presse avait \u00e9voqu\u00e9 en 2023 la possibilit\u00e9 que l\u2019ours Paddington, v\u00e9ritable institution au Royaume-Uni, en fasse partie.<\/p>\n<p class=\"fig-paragraph\">Selon Downing Street, ce projet titanesque devrait permettre la cr\u00e9ation de 20.000 emplois durant la p\u00e9riode de construction et 8.000 dans l\u2019h\u00f4tellerie et l\u2019industrie cr\u00e9ative au moment de l\u2019ouverture du parc. \u00abIl s\u2019agit de garantir de r\u00e9elles opportunit\u00e9s pour les gens de notre pays\u00bb, a soulign\u00e9 Keir Starmer. Quelque 80% des employ\u00e9s viendront des environs, selon Downing Street. Le groupe am\u00e9ricain s\u2019est engag\u00e9 \u00e0 travailler avec les centres de formation locaux et les universit\u00e9s de la r\u00e9gion pour former la main-d\u2019\u0153uvre h\u00f4teli\u00e8re. Le projet doit encore obtenir le permis de construire de la part des autorit\u00e9s.<\/p>\n<p>\u00a0\u00bb<br \/>\n        data-script=\u00a0\u00bbhttps:\/\/static.lefigaro.fr\/widget-video\/short-ttl\/video\/index.js\u00a0\u00bb<br \/>\n    &gt;<\/p>\n","protected":false},"excerpt":{"rendered":"Le site de Bedford devrait g\u00e9n\u00e9rer 58 milliards d\u2019euros pour l\u2019\u00e9conomie britannique d\u2019ici 2055, avec plus de 8,5&hellip;\n","protected":false},"author":2,"featured_media":12445,"comment_status":"","ping_status":"","sticky":false,"template":"","format":"standard","meta":{"footnotes":""},"categories":[6],"tags":[339,340,35,343,345,350,130,344,352,349,33,34,341,313,1011,27,346,342,353,351,347,348,473,354],"class_list":{"0":"post-12444","1":"post","2":"type-post","3":"status-publish","4":"format-standard","5":"has-post-thumbnail","7":"category-economie","8":"tag-actualite-economique","9":"tag-bourse","10":"tag-business","11":"tag-cac-40","12":"tag-chef-dentreprise","13":"tag-concurrence","14":"tag-consommation","15":"tag-creation-dentreprise","16":"tag-crise","17":"tag-delocalisations","18":"tag-economie","19":"tag-economy","20":"tag-emploi","21":"tag-entreprises","22":"tag-fr","23":"tag-france","24":"tag-grands-patrons","25":"tag-impots","26":"tag-licenciements","27":"tag-monopole","28":"tag-multinationales","29":"tag-privatisation","30":"tag-royaume-uni","31":"tag-unio"},"share_on_mastodon":{"url":"https:\/\/pubeurope.com\/@fr\/114307675301036399","error":""},"_links":{"self":[{"href":"https:\/\/www.europesays.com\/fr\/wp-json\/wp\/v2\/posts\/12444","targetHints":{"allow":["GET"]}}],"collection":[{"href":"https:\/\/www.europesays.com\/fr\/wp-json\/wp\/v2\/posts"}],"about":[{"href":"https:\/\/www.europesays.com\/fr\/wp-json\/wp\/v2\/types\/post"}],"author":[{"embeddable":true,"href":"https:\/\/www.europesays.com\/fr\/wp-json\/wp\/v2\/users\/2"}],"replies":[{"embeddable":true,"href":"https:\/\/www.europesays.com\/fr\/wp-json\/wp\/v2\/comments?post=12444"}],"version-history":[{"count":0,"href":"https:\/\/www.europesays.com\/fr\/wp-json\/wp\/v2\/posts\/12444\/revisions"}],"wp:featuredmedia":[{"embeddable":true,"href":"https:\/\/www.europesays.com\/fr\/wp-json\/wp\/v2\/media\/12445"}],"wp:attachment":[{"href":"https:\/\/www.europesays.com\/fr\/wp-json\/wp\/v2\/media?parent=12444"}],"wp:term":[{"taxonomy":"category","embeddable":true,"href":"https:\/\/www.europesays.com\/fr\/wp-json\/wp\/v2\/categories?post=12444"},{"taxonomy":"post_tag","embeddable":true,"href":"https:\/\/www.europesays.com\/fr\/wp-json\/wp\/v2\/tags?post=12444"}],"curies":[{"name":"wp","href":"https:\/\/api.w.org\/{rel}","templated":true}]}}