{"id":124443,"date":"2025-05-24T11:59:10","date_gmt":"2025-05-24T11:59:10","guid":{"rendered":"https:\/\/www.europesays.com\/fr\/124443\/"},"modified":"2025-05-24T11:59:10","modified_gmt":"2025-05-24T11:59:10","slug":"du-25-au-01-juin-2025-kinepolis-lomme-vous-propose-de-decouvrir-un-choix-de-films-presentes-au-festival-de-cannes","status":"publish","type":"post","link":"https:\/\/www.europesays.com\/fr\/124443\/","title":{"rendered":"Du 25 au 01 juin 2025, Kinepolis Lomme vous propose de d\u00e9couvrir un choix de films pr\u00e9sent\u00e9s au Festival de Cannes"},"content":{"rendered":"<p style=\"text-align: justify;\"><strong>Cannes<\/strong> est \u00e0 <strong>Kinepolis <\/strong>pour des <strong>s\u00e9ances exceptionnelles<\/strong> plac\u00e9es sous le <strong>signe du 7\u00e8me art ! Du 25 mai au 01 juin 2025, <\/strong>les <strong>spectateurs <\/strong>auront ainsi <strong>l\u2019occasion de vivre leur passion du cin\u00e9ma au rythme cannois <\/strong>avec <strong>un choix de films pr\u00e9sent\u00e9s au <\/strong><strong>Festival de Cannes,<\/strong> au <strong>tarif de 8,50\u20ac la place*,<\/strong> avec de <strong>tr\u00e8s belles avant-premi\u00e8res \u00e0 d\u00e9couvrir.<\/strong><\/p>\n<p><img loading=\"lazy\" decoding=\"async\" width=\"819\" height=\"1024\" src=\"https:\/\/www.europesays.com\/fr\/wp-content\/uploads\/2025\/05\/cannes_kinepolis_2025_02-819x1024.jpg\" alt=\"\" class=\"wp-image-85018\"  \/><\/p>\n<p style=\"text-align: justify;\"><strong>Du dimanche 25 mai au dimanche 01 juin 2025, <\/strong>rendez-vous dans votre <strong>Kinepolis Lomme <\/strong>pour d\u00e9couvrir au tarif de<strong> 8,50\u20ac la place*,<\/strong> une <strong>s\u00e9lection de films pr\u00e9sent\u00e9s aux festivaliers<\/strong> lors de la <strong>78\u00e8me \u00e9dition du mythique Festival de Cannes<\/strong> avec notamment <strong>\u00ab\u00a0La Petite Derni\u00e8re\u00a0\u00bb <\/strong>\u00e0 d\u00e9couvrir le <strong>27 mai<\/strong> (sortie nationale le 01 octobre 2025), <strong>\u00ab\u00a0M\u00e9t\u00e9ors\u00a0\u00bb<\/strong> avec <strong>Paul Kircher<\/strong> \u00e0 d\u00e9couvrir le <strong>29 mai<\/strong> (sortie nationale le 08 octobre 2025), <strong>\u00ab\u00a0Le Roi Soleil\u00a0\u00bb<\/strong> avec <strong>Pio Marma\u00ef <\/strong>le<strong> 30 mai<\/strong> (sortie nationale le 27 ao\u00fbt 2025), <strong>\u00ab\u00a0Dossier 137\u00a0\u00bb<\/strong> de <strong>Dominik Moll <\/strong>avec <strong>L\u00e9a Drucker<\/strong> \u00e0 d\u00e9couvrir le <strong>31 mai<\/strong> (sortie nationale le 19 novembre 2025) mais \u00e9galement <strong>\u00ab\u00a0Connemara\u00a0\u00bb<\/strong> r\u00e9alis\u00e9 par <strong>Alex Lutz<\/strong> avec<strong> M\u00e9lanie Thierry<\/strong> (sortie nationale le 10 septembre 2025) et <strong>\u00ab\u00a0Les Aigles de la R\u00e9publique\u00a0\u00bb<\/strong> (sortie nationale le 22 octobre 2025) \u00e0 ne pas manquer le<strong> 01 juin 2025. L\u2019occasion de visionner ces \u0153uvres plusieurs semaines voire plusieurs mois avant leur sortie<\/strong> sur <strong>grand \u00e9cran.<\/strong><\/p>\n<p style=\"text-align: justify;\"><strong>Du 25 mai au 01 juin 2025, <\/strong>les <strong>cin\u00e9philes <\/strong>auront \u00e9galement le <strong>plaisir de d\u00e9couvrir <\/strong>dans les <strong>salles Kinepolis Lomme, <\/strong>toujours au <strong>tarif de 8,50\u20ac,<\/strong> les <strong>film <\/strong>issue de la <strong>S\u00e9lection Officielle<\/strong> en <strong>sortie nationale : <\/strong><strong>\u00ab\u00a0Jeunes m\u00e8res\u00a0\u00bb<\/strong> des<strong> fr\u00e8res Dardenne<\/strong> et <strong>\u00ab\u00a0The Phoenician Scheme\u00a0\u00bb<\/strong> de <strong>Wes Anderson<\/strong> avec<strong> Benicio Del Toro <\/strong>mais \u00e9galement <strong>certains films en sortie nationale <\/strong>pr\u00e9sent\u00e9s <strong>Hors Comp\u00e9tition<\/strong> comme <strong>\u00ab\u00a0La Venue de l\u2019avenir\u00a0\u00bb <\/strong>de<strong> C\u00e9dric Klapisch <\/strong>et <strong>\u00ab\u00a0Partir un Jour\u00a0\u00bb<\/strong> r\u00e9alis\u00e9 par <strong>Am\u00e9lie Bonnin<\/strong> avec<strong> Juliette Armanet<\/strong> et <strong>Bastien Bouillon.<\/strong><\/p>\n<p style=\"text-align: justify;\">* Vouchers accept\u00e9s sans suppl\u00e9ments. Tarif unique de 8,50\u20ac (hors \u00e9ventuels suppl\u00e9ments) sur l\u2019ensemble des films de la s\u00e9lection \u00ab\u00a0Cannes est \u00e0 Kinepolis\u00a0\u00bb, du 25 mai au 01 juin 2025 inclus, uniquement \u00e0 Kinepolis Lomme.<\/p>\n<p><img loading=\"lazy\" decoding=\"async\" width=\"9\" height=\"9\" class=\"tie-appear\" src=\"https:\/\/www.europesays.com\/fr\/wp-content\/uploads\/2025\/04\/1744722321_833_arrow.png\" alt=\"Puce\"\/> <strong>Infos<\/strong> et<strong> r\u00e9servations<\/strong> sur <a href=\"https:\/\/kinepolis.fr\/content\/cannes-est-kinepolis\" target=\"_blank\" rel=\"noopener\">Kinepolis.fr<\/a><\/p>\n<p class=\"has-text-align-right\">Source &amp; image : \u00a9 Kinepolis France<\/p>\n","protected":false},"excerpt":{"rendered":"Cannes est \u00e0 Kinepolis pour des s\u00e9ances exceptionnelles plac\u00e9es sous le signe du 7\u00e8me art ! Du 25&hellip;\n","protected":false},"author":2,"featured_media":124444,"comment_status":"","ping_status":"","sticky":false,"template":"","format":"standard","meta":{"footnotes":""},"categories":[2815],"tags":[1111,11,7306,1777,674,5634,2081,1011,27,811,13735,13736,1307,12,13737,25],"class_list":{"0":"post-124443","1":"post","2":"type-post","3":"status-publish","4":"format-standard","5":"has-post-thumbnail","7":"category-lille","8":"tag-actu","9":"tag-actualites","10":"tag-cannes","11":"tag-eu","12":"tag-europe","13":"tag-festival-de-cannes","14":"tag-film","15":"tag-fr","16":"tag-france","17":"tag-hauts-de-france","18":"tag-kinepolis","19":"tag-kinepolis-lomme","20":"tag-lille","21":"tag-news","22":"tag-projection","23":"tag-republique-francaise"},"share_on_mastodon":{"url":"https:\/\/pubeurope.com\/@fr\/114562699611029307","error":""},"_links":{"self":[{"href":"https:\/\/www.europesays.com\/fr\/wp-json\/wp\/v2\/posts\/124443","targetHints":{"allow":["GET"]}}],"collection":[{"href":"https:\/\/www.europesays.com\/fr\/wp-json\/wp\/v2\/posts"}],"about":[{"href":"https:\/\/www.europesays.com\/fr\/wp-json\/wp\/v2\/types\/post"}],"author":[{"embeddable":true,"href":"https:\/\/www.europesays.com\/fr\/wp-json\/wp\/v2\/users\/2"}],"replies":[{"embeddable":true,"href":"https:\/\/www.europesays.com\/fr\/wp-json\/wp\/v2\/comments?post=124443"}],"version-history":[{"count":0,"href":"https:\/\/www.europesays.com\/fr\/wp-json\/wp\/v2\/posts\/124443\/revisions"}],"wp:featuredmedia":[{"embeddable":true,"href":"https:\/\/www.europesays.com\/fr\/wp-json\/wp\/v2\/media\/124444"}],"wp:attachment":[{"href":"https:\/\/www.europesays.com\/fr\/wp-json\/wp\/v2\/media?parent=124443"}],"wp:term":[{"taxonomy":"category","embeddable":true,"href":"https:\/\/www.europesays.com\/fr\/wp-json\/wp\/v2\/categories?post=124443"},{"taxonomy":"post_tag","embeddable":true,"href":"https:\/\/www.europesays.com\/fr\/wp-json\/wp\/v2\/tags?post=124443"}],"curies":[{"name":"wp","href":"https:\/\/api.w.org\/{rel}","templated":true}]}}