{"id":124450,"date":"2025-05-24T12:03:17","date_gmt":"2025-05-24T12:03:17","guid":{"rendered":"https:\/\/www.europesays.com\/fr\/124450\/"},"modified":"2025-05-24T12:03:17","modified_gmt":"2025-05-24T12:03:17","slug":"le-carnaval-des-pentes-maintenu-malgre-linterdiction-prefectorale-des-debordements-et-des-interpellations","status":"publish","type":"post","link":"https:\/\/www.europesays.com\/fr\/124450\/","title":{"rendered":"le Carnaval des Pentes maintenu malgr\u00e9 l&rsquo;interdiction pr\u00e9fectorale, des d\u00e9bordements et des interpellations"},"content":{"rendered":"<p>Lyon : le Carnaval des Pentes maintenu malgr\u00e9 l&rsquo;interdiction pr\u00e9fectorale, des d\u00e9bordements et des interpellations &#8211; LyonMag<\/p>\n<p itemprop=\"description\"><strong>Malgr\u00e9 l&rsquo;interdiction pr\u00e9fectorale, environ 650 personnes ont particip\u00e9 au Carnaval des Pentes ce vendredi soir.<\/strong><\/p>\n<p>L&rsquo;\u00e9v\u00e8nement d&rsquo;ultragauche, qui se voulait \u00eatre une parade \u00ab\u00a0antifasciste, subversive et populaire\u00a0\u00bb a d\u00e9g\u00e9n\u00e9r\u00e9 comme lors des deux \u00e9ditions pr\u00e9c\u00e9dentes.<\/p>\n<p>Dans les rues du 4e arrondissement de Lyon, le cort\u00e8ge a \u00e9t\u00e9 emp\u00each\u00e9 de descendre les Pentes de la Croix-Rousse par un important dispositif policier. Les forces de l&rsquo;ordre ont subi des tirs de mortiers d&rsquo;artifice, auxquels elles r\u00e9pliquaient avec du gaz lacrymog\u00e8ne. Du mobilier urbain a \u00e9galement \u00e9t\u00e9 d\u00e9grad\u00e9 sur le passage des \u00ab\u00a0carnavaliers\u00a0\u00bb.<\/p>\n<p>Selon les services de l&rsquo;Etat, deux personnes ont pu \u00eatre interpell\u00e9es, tandis que quatre autres \u00e9taient verbalis\u00e9es pour participation \u00e0 un \u00e9v\u00e8nement interdit.<\/p>\n<blockquote class=\"twitter-tweet\"><p>&#13;<\/p>\n<p dir=\"ltr\" lang=\"fr\">La <a href=\"https:\/\/twitter.com\/PoliceNat69?ref_src=twsrc%5Etfw\" target=\"_blank\" rel=\"noopener\">@PoliceNat69<\/a> est intervenue pour stopper quelques incendies de poubelles et a utilis\u00e9 des moyens pour disperser les attroupements \u00e0 l\u2019origine de jets de projectiles sur les forces de l\u2019ordre.<\/p>\n<p>\u27a1\ufe0f 2 individus interpell\u00e9s<br \/>&#13;<br \/>\n\u27a1\ufe0f 4 individus verbalis\u00e9s pour non respect d\u2019un arr\u00eat\u00e9\u2026 <a href=\"https:\/\/t.co\/fot3TFvtJt\">https:\/\/t.co\/fot3TFvtJt<\/a><\/p>\n<p>&#13;<br \/>\n\u2014 Pr\u00e9f\u00e8te de r\u00e9gion Auvergne-Rh\u00f4ne-Alpes et du Rh\u00f4ne (@prefetrhone) <a href=\"https:\/\/twitter.com\/prefetrhone\/status\/1926138130941288679?ref_src=twsrc%5Etfw\" target=\"_blank\" rel=\"noopener\">May 24, 2025<\/a><\/p><\/blockquote>\n<p>\t\t  <script async src=\"https:\/\/platform.twitter.com\/widgets.js\" charset=\"utf-8\"><\/script><\/p>\n","protected":false},"excerpt":{"rendered":"Lyon : le Carnaval des Pentes maintenu malgr\u00e9 l&rsquo;interdiction pr\u00e9fectorale, des d\u00e9bordements et des interpellations &#8211; LyonMag Malgr\u00e9&hellip;\n","protected":false},"author":2,"featured_media":124451,"comment_status":"","ping_status":"","sticky":false,"template":"","format":"standard","meta":{"footnotes":""},"categories":[1889],"tags":[1111,11,2813,2190,2430,1109,251,1112,2811,1777,674,118,1011,27,1922,1110,1114,2428,2810,12,241,316,25,2812,517,800],"class_list":{"0":"post-124450","1":"post","2":"type-post","3":"status-publish","4":"format-standard","5":"has-post-thumbnail","7":"category-lyon","8":"tag-actu","9":"tag-actualites","10":"tag-article","11":"tag-asvel","12":"tag-auvergne-rhone-alpes","13":"tag-breves","14":"tag-culture","15":"tag-depeches","16":"tag-economique","17":"tag-eu","18":"tag-europe","19":"tag-faits-divers","20":"tag-fr","21":"tag-france","22":"tag-info","23":"tag-informations","24":"tag-infos","25":"tag-lyon","26":"tag-lyonmag","27":"tag-news","28":"tag-ol","29":"tag-politique","30":"tag-republique-francaise","31":"tag-sociale","32":"tag-sport","33":"tag-transports"},"share_on_mastodon":{"url":"https:\/\/pubeurope.com\/@fr\/114562715012665625","error":""},"_links":{"self":[{"href":"https:\/\/www.europesays.com\/fr\/wp-json\/wp\/v2\/posts\/124450","targetHints":{"allow":["GET"]}}],"collection":[{"href":"https:\/\/www.europesays.com\/fr\/wp-json\/wp\/v2\/posts"}],"about":[{"href":"https:\/\/www.europesays.com\/fr\/wp-json\/wp\/v2\/types\/post"}],"author":[{"embeddable":true,"href":"https:\/\/www.europesays.com\/fr\/wp-json\/wp\/v2\/users\/2"}],"replies":[{"embeddable":true,"href":"https:\/\/www.europesays.com\/fr\/wp-json\/wp\/v2\/comments?post=124450"}],"version-history":[{"count":0,"href":"https:\/\/www.europesays.com\/fr\/wp-json\/wp\/v2\/posts\/124450\/revisions"}],"wp:featuredmedia":[{"embeddable":true,"href":"https:\/\/www.europesays.com\/fr\/wp-json\/wp\/v2\/media\/124451"}],"wp:attachment":[{"href":"https:\/\/www.europesays.com\/fr\/wp-json\/wp\/v2\/media?parent=124450"}],"wp:term":[{"taxonomy":"category","embeddable":true,"href":"https:\/\/www.europesays.com\/fr\/wp-json\/wp\/v2\/categories?post=124450"},{"taxonomy":"post_tag","embeddable":true,"href":"https:\/\/www.europesays.com\/fr\/wp-json\/wp\/v2\/tags?post=124450"}],"curies":[{"name":"wp","href":"https:\/\/api.w.org\/{rel}","templated":true}]}}