{"id":124454,"date":"2025-05-24T12:05:34","date_gmt":"2025-05-24T12:05:34","guid":{"rendered":"https:\/\/www.europesays.com\/fr\/124454\/"},"modified":"2025-05-24T12:05:34","modified_gmt":"2025-05-24T12:05:34","slug":"quelle-trajectoire-de-sobriete-fonciere-pour-lile-de-france","status":"publish","type":"post","link":"https:\/\/www.europesays.com\/fr\/124454\/","title":{"rendered":"quelle trajectoire de sobri\u00e9t\u00e9 fonci\u00e8re pour l&rsquo;\u00cele-de-France\u00a0?"},"content":{"rendered":"<p itemprop=\"headline\" id=\"news_chapeau\">Le Conseil r\u00e9gional d&rsquo;\u00cele-de-France a adopt\u00e9 le nouveau Sdrif-E, un document de planification d&rsquo;urbanisme destin\u00e9 \u00e0 encadrer l&rsquo;usage du foncier du territoire \u00e0 l&rsquo;horizon 2040. Toutefois, FNE appelle la R\u00e9gion \u00e0 aller plus vite pour atteindre le ZAN.<\/p>\n<p>Mercredi 11 septembre 2024, les \u00e9lus franciliens ont adopt\u00e9 le nouveau sch\u00e9ma directeur\u00a0d&rsquo;am\u00e9nagement et\u00a0d&rsquo;urbanisme \u00e0 l&rsquo;\u00e9chelle r\u00e9gionale (Sdrif-e), qui couvre la p\u00e9riode de 2021 \u00e0 2040.<br \/>\nImplantation de logements, activit\u00e9s ou infrastructures de transport, espaces agricoles, espaces naturels et forestiers \u00e0 pr\u00e9server&#8230; \u00a0Le 3 septembre dernier, Val\u00e9rie P\u00e9cresse, pr\u00e9sidente de la R\u00e9gion \u00cele-de-France, avait pr\u00e9sent\u00e9 la version d\u00e9finitive de ce document de planification du territoire qui&#8230;<\/p>\n<p>Article publi\u00e9 le 12 septembre 2024<\/p>\n","protected":false},"excerpt":{"rendered":"Le Conseil r\u00e9gional d&rsquo;\u00cele-de-France a adopt\u00e9 le nouveau Sdrif-E, un document de planification d&rsquo;urbanisme destin\u00e9 \u00e0 encadrer l&rsquo;usage&hellip;\n","protected":false},"author":2,"featured_media":124455,"comment_status":"","ping_status":"","sticky":false,"template":"","format":"standard","meta":{"footnotes":""},"categories":[1592],"tags":[21806,14427,21809,21810,1111,21805,47,11,4763,2965,2813,21811,21807,21804,21808,21818,4858,51,893,436,18315,1777,674,1011,27,21813,21815,662,6417,12,6334,626,21812,1800,4048,21816,21814,3887,25,4510,17429,895,21817],"class_list":{"0":"post-124454","1":"post","2":"type-post","3":"status-publish","4":"format-standard","5":"has-post-thumbnail","7":"category-ile-de-france","8":"tag-cologie","9":"tag-nergie","10":"tag-nergies-renouvelables","11":"tag-olien","12":"tag-actu","13":"tag-actualit","14":"tag-actualite","15":"tag-actualites","16":"tag-agenda","17":"tag-air","18":"tag-article","19":"tag-biomasse","20":"tag-dchet","21":"tag-dveloppement-durable","22":"tag-dechet","23":"tag-e-zine","24":"tag-eau","25":"tag-ecologie","26":"tag-energie","27":"tag-environnement","28":"tag-eolien","29":"tag-eu","30":"tag-europe","31":"tag-fr","32":"tag-france","33":"tag-hse","34":"tag-hygine","35":"tag-ile-de-france","36":"tag-information","37":"tag-news","38":"tag-newsletter","39":"tag-paris","40":"tag-photovoltaique","41":"tag-pollution","42":"tag-presse","43":"tag-propret","44":"tag-qse","45":"tag-recyclage","46":"tag-republique-francaise","47":"tag-risque","48":"tag-sol","49":"tag-solaire","50":"tag-webzine"},"share_on_mastodon":{"url":"","error":"Validation failed: Text character limit of 500 exceeded"},"_links":{"self":[{"href":"https:\/\/www.europesays.com\/fr\/wp-json\/wp\/v2\/posts\/124454","targetHints":{"allow":["GET"]}}],"collection":[{"href":"https:\/\/www.europesays.com\/fr\/wp-json\/wp\/v2\/posts"}],"about":[{"href":"https:\/\/www.europesays.com\/fr\/wp-json\/wp\/v2\/types\/post"}],"author":[{"embeddable":true,"href":"https:\/\/www.europesays.com\/fr\/wp-json\/wp\/v2\/users\/2"}],"replies":[{"embeddable":true,"href":"https:\/\/www.europesays.com\/fr\/wp-json\/wp\/v2\/comments?post=124454"}],"version-history":[{"count":0,"href":"https:\/\/www.europesays.com\/fr\/wp-json\/wp\/v2\/posts\/124454\/revisions"}],"wp:featuredmedia":[{"embeddable":true,"href":"https:\/\/www.europesays.com\/fr\/wp-json\/wp\/v2\/media\/124455"}],"wp:attachment":[{"href":"https:\/\/www.europesays.com\/fr\/wp-json\/wp\/v2\/media?parent=124454"}],"wp:term":[{"taxonomy":"category","embeddable":true,"href":"https:\/\/www.europesays.com\/fr\/wp-json\/wp\/v2\/categories?post=124454"},{"taxonomy":"post_tag","embeddable":true,"href":"https:\/\/www.europesays.com\/fr\/wp-json\/wp\/v2\/tags?post=124454"}],"curies":[{"name":"wp","href":"https:\/\/api.w.org\/{rel}","templated":true}]}}