{"id":124460,"date":"2025-05-24T12:08:13","date_gmt":"2025-05-24T12:08:13","guid":{"rendered":"https:\/\/www.europesays.com\/fr\/124460\/"},"modified":"2025-05-24T12:08:13","modified_gmt":"2025-05-24T12:08:13","slug":"un-set-entre-les-baguettes-a-limage-de-bob-sinclar-a-paris-un-dj-dromois-mixe-dans-les-boulangeries-de-villages","status":"publish","type":"post","link":"https:\/\/www.europesays.com\/fr\/124460\/","title":{"rendered":"\u00ab\u00a0Un set entre les baguettes\u00a0\u00bb\u2026 A l\u2019image de Bob Sinclar \u00e0 Paris, un DJ dr\u00f4mois mixe dans les boulangeries de villages"},"content":{"rendered":"<p>Quand il \u00e9tait petit, Dorian Gamon r\u00eavait de faire la tourn\u00e9e des capitales europ\u00e9ennes en tant que DJ. Quelques ann\u00e9es plus tard, \u00e0 29 ans, il se lance effectivement dans une tourn\u00e9e\u2026 mais des <a href=\"https:\/\/www.20minutes.fr\/dossier\/boulangerie\" class=\"color-ultramarine c-link\" target=\"_blank\" rel=\"noopener\">boulangeries<\/a>.<\/p>\n<p>Apr\u00e8s avoir vu <a href=\"https:\/\/www.20minutes.fr\/arts-stars\/insolite\/4145107-20250324-quand-bob-sinclar-pose-platines-boulangerie-parisienne\" class=\"color-ultramarine c-link\" target=\"_blank\" rel=\"noopener\">Bob Sinclar le faire \u00e0 Paris en mars dernier<\/a>, ce DJ originaire de Romans-sur-Is\u00e8re, dans la <a href=\"https:\/\/www.20minutes.fr\/dossier\/drome\" class=\"color-ultramarine c-link\" target=\"_blank\" rel=\"noopener\">Dr\u00f4me<\/a>, a d\u00e9cid\u00e9 d\u2019installer ses platines entre les baguettes et les viennoiseries pour \u00ab\u00a0transformer les lieux de passage quotidiens des Fran\u00e7ais en lieux de f\u00eate\u00a0\u00bb. Un concept aussi inattendu qu\u2019original, qui a fait danser ses premiers spectateurs lors d\u2019une premi\u00e8re date, samedi dernier.<\/p>\n<p>Mettre en avant les commerces dans les villages<\/p>\n<p>\u00ab\u00a0Ces derniers temps, j\u2019ai vu pas mal de DJs mixer dans des after de festivals, notamment \u00e0 Amsterdam et \u00e0 Los Angeles, dans des coffee shops, explique Dorian avec enthousiasme. Quand j\u2019ai vu<a href=\"https:\/\/www.instagram.com\/reel\/DHekoW6iP97\/?utm_source=ig_embed\" rel=\"nofollow noopener\" target=\"_blank\" class=\"color-ultramarine c-link\"> Bob Sinclar le faire dans une boulangerie parisienne<\/a>, j\u2019ai ador\u00e9 le concept. Je me suis dit\u00a0: mais pourquoi ne pas apporter ce concept dans nos villages\u00a0?\u00a0\u00bb<\/p>\n<p>Dans des ascenseurs, dans des <a href=\"https:\/\/www.20minutes.fr\/tempo\/4141490-20250309-let-him-cook-cuisine-techno-mix-parfait-enflamme-reseaux-sociaux\" class=\"color-ultramarine c-link\" target=\"_blank\" rel=\"noopener\">cuisines de restaurants<\/a> et maintenant, dans des boulangeries\u2026 D\u2019une mani\u00e8re g\u00e9n\u00e9rale, Dorian a d\u00e9cid\u00e9 de se saisir de cette tendance de mixer en dehors des lieux traditionnels de f\u00eate. \u00ab\u00a0Dans une soci\u00e9t\u00e9 o\u00f9 on n\u2019a plus le temps de rien, compl\u00e8tement absorb\u00e9s par nos boulots, je trouve \u00e7a chouette de cr\u00e9er des moments insolites comme \u00e7a aux gens\u00a0\u00bb, affirme-t-il.<\/p>\n<p class=\"mb-m@xs text-l@xs\">En cliquant sur\u00ab J\u2019accepte \u00bb, vous acceptez le d\u00e9p\u00f4t de cookies par des services externes et aurez ainsi acc\u00e8s aux contenus de nos partenaires.<\/p>\n<p class=\"mb-xl@xs text-s@xs\">Plus d\u2019informations sur la page<a href=\"https:\/\/www.20minutes.fr\/gestion-cookies\" class=\"mx-xxs@xs color-ultramarine\" target=\"_blank\" rel=\"noopener\">Politique de gestion des cookies<\/a><\/p>\n<p>J\u2019accepte<\/p>\n<p>Pour Dorian, l\u2019objectif n\u2019est pas simplement de se faire conna\u00eetre, mais surtout de proposer \u00ab\u00a0une animation originale\u00a0\u00bb pour \u00ab\u00a0mettre en avant les boulangeries\u00a0\u00bb. \u00ab\u00a0De plus en plus, les commerces disparaissent dans nos villages, constate ce Dr\u00f4mois. Et les boulangeries sont souvent les derniers qui restent. Si on ne veut pas que nos communes meurent, il faut donc innover. Et autant essayer en consolidant les liens sociaux entre les habitants.\u00a0\u00bb<\/p>\n<p>\u00ab\u00a0Une belle r\u00e9ussite\u00a0\u00bb<\/p>\n<p>Pour la premi\u00e8re fois en France, en dehors de Paris, donc, un DJ a propos\u00e9 un set de 16 \u00e0 20 heures dans une boulangerie, celle du Pontet, \u00e0 Saint-Georges-les-Bains, en <a href=\"https:\/\/www.20minutes.fr\/societe\/ardeche\/\" class=\"color-ultramarine c-link\" target=\"_blank\" rel=\"noopener\">Ard\u00e8che<\/a>. R\u00e9sultats\u00a0? \u00ab\u00a0Une belle r\u00e9ussite\u00a0\u00bb, assure le DJ, avec un grand sourire. \u00ab\u00a0Les boulangeries sont une institution dans la culture fran\u00e7aise et pourtant, les clients ne passent pas plus de deux minutes dans la boutique car ils effectuent des achats rapides, d\u00e9veloppe-t-il. Gr\u00e2ce \u00e0 la musique, on a vu des gens prendre le temps de s\u2019arr\u00eater, discuter et danser. Et quand je lan\u00e7ais \u00a0\u00bbsi vous dansez, votre baguette est offerte\u00a0\u00bb, tout le monde jouait le jeu. Quand Bob Sinclar a mix\u00e9, je n\u2019ai vu personne acheter des produits de la boulangerie en m\u00eame temps\u00a0!\u00a0\u00bb<\/p>\n<\/p>\n<p>M\u00eame si Dorian n\u2019a pas la notori\u00e9t\u00e9 de l\u2019interpr\u00e8te de Love Generation, ce premier show a trouv\u00e9 son public. Au total, plus d\u2019une centaine de personnes sont venues l\u2019\u00e9couter (et donc, accessoirement, acheter du pain).<\/p>\n<p>Et si Bob Sinclar aller dans d\u2019autres boulangeries de France\u00a0?<\/p>\n<p>Pour s\u2019adapter aux lieux, le DJ de 29 ans avait pens\u00e9 \u00e0 tout. \u00ab\u00a0C\u2019\u00e9tait un peu challengeant parce qu\u2019il peut y avoir des jeunes comme des personnes \u00e2g\u00e9es dans une boulangerie. Pour le set, j\u2019ai donc propos\u00e9 des sons des ann\u00e9es\u00a01980 remix\u00e9s avec des beats plus modernes, pour plaire \u00e0 toutes les g\u00e9n\u00e9rations\u00a0\u00bb, explique-t-il, pr\u00e9cisant qu\u2019il s\u2019\u00e9tait install\u00e9 derri\u00e8re le comptoir, entre les baguettes, les pains au chocolat et les croissants. Dorian assure que les boulangers aussi \u00e9taient ravis et \u00ab\u00a0fiers\u00a0\u00bb de pouvoir proposer ce type d\u2019animations \u00e0 leur client\u00e8le. \u00ab\u00a0Souvent, ils n\u2019ont pas l\u2019\u00e9nergie ni le temps pour le faire\u00a0\u00bb, observe-t-il.<\/p>\n<p>Face \u00e0 ce succ\u00e8s, le DJ ne compte pas s\u2019arr\u00eater l\u00e0. \u00ab\u00a0On a d\u00e9j\u00e0 une deuxi\u00e8me date, dans la Dr\u00f4me, au Fournil de Charlie &amp; Angel \u00e0 Saint-Donat. Et plusieurs autres boulangeries ont pris contact pour d\u2019autres \u00e9v\u00e9nements\u00a0\u00bb, annonce-t-il, satisfait que son concept prenne.<\/p>\n<p><a href=\"https:\/\/www.20minutes.fr\/arts-stars\/culture\/musique\/\" class=\"c-link c-btn c-btn--primary\" target=\"_blank\" rel=\"noopener\">Notre dossier musique<\/a><\/p>\n<p>Et si tout se passe bien, il imagine m\u00eame pouvoir organiser \u00ab\u00a0une v\u00e9ritable tourn\u00e9e des boulangeries de France\u00a0\u00bb. \u00ab\u00a0On a du pain sur la planche, plaisante-t-il. Mais ce serait super d\u2019aller \u00e0 la rencontre d\u2019autres artisans dans d\u2019autres r\u00e9gions.\u00a0\u00bb Il r\u00eave m\u00eame de faire des dates avec des DJs renomm\u00e9s, pour apporter \u00ab\u00a0un peu de f\u00eates dans ces territoires parfois oubli\u00e9s\u00a0\u00bb. \u00ab\u00a0Ce qui serait beau, ce serait de voir des grands DJs comme Bob Sinclar quitter les stades et les festivals sur les \u00eeles pour venir animer ces villages\u00a0\u00bb, propose-t-il, s\u00e9rieusement. L\u2019invitation est lanc\u00e9e\u2026<\/p>\n<p><script async src=\"\/\/www.instagram.com\/embed.js\"><\/script><\/p>\n","protected":false},"excerpt":{"rendered":"Quand il \u00e9tait petit, Dorian Gamon r\u00eavait de faire la tourn\u00e9e des capitales europ\u00e9ennes en tant que DJ.&hellip;\n","protected":false},"author":2,"featured_media":124461,"comment_status":"","ping_status":"","sticky":false,"template":"","format":"standard","meta":{"footnotes":""},"categories":[1888],"tags":[1111,1928,47,11,1927,4646,6933,2593,2430,9634,7230,215,251,7124,58,2730,1777,674,1011,27,1757,873,6384,12,1926,626,1925,25,2431,104,896],"class_list":{"0":"post-124460","1":"post","2":"type-post","3":"status-publish","4":"format-standard","5":"has-post-thumbnail","7":"category-paris","8":"tag-actu","9":"tag-actu-paris","10":"tag-actualite","11":"tag-actualites","12":"tag-actualites-paris","13":"tag-ardeche","14":"tag-artisan","15":"tag-artiste","16":"tag-auvergne-rhone-alpes","17":"tag-boulangerie","18":"tag-commercants","19":"tag-commerce","20":"tag-culture","21":"tag-discotheque","22":"tag-divertissement","23":"tag-drome","24":"tag-eu","25":"tag-europe","26":"tag-fr","27":"tag-france","28":"tag-insolite","29":"tag-musique","30":"tag-musique-electronique","31":"tag-news","32":"tag-news-paris","33":"tag-paris","34":"tag-paris-news","35":"tag-republique-francaise","36":"tag-rhone-alpes","37":"tag-societe","38":"tag-tas-vu"},"share_on_mastodon":{"url":"https:\/\/pubeurope.com\/@fr\/114562734798293466","error":""},"_links":{"self":[{"href":"https:\/\/www.europesays.com\/fr\/wp-json\/wp\/v2\/posts\/124460","targetHints":{"allow":["GET"]}}],"collection":[{"href":"https:\/\/www.europesays.com\/fr\/wp-json\/wp\/v2\/posts"}],"about":[{"href":"https:\/\/www.europesays.com\/fr\/wp-json\/wp\/v2\/types\/post"}],"author":[{"embeddable":true,"href":"https:\/\/www.europesays.com\/fr\/wp-json\/wp\/v2\/users\/2"}],"replies":[{"embeddable":true,"href":"https:\/\/www.europesays.com\/fr\/wp-json\/wp\/v2\/comments?post=124460"}],"version-history":[{"count":0,"href":"https:\/\/www.europesays.com\/fr\/wp-json\/wp\/v2\/posts\/124460\/revisions"}],"wp:featuredmedia":[{"embeddable":true,"href":"https:\/\/www.europesays.com\/fr\/wp-json\/wp\/v2\/media\/124461"}],"wp:attachment":[{"href":"https:\/\/www.europesays.com\/fr\/wp-json\/wp\/v2\/media?parent=124460"}],"wp:term":[{"taxonomy":"category","embeddable":true,"href":"https:\/\/www.europesays.com\/fr\/wp-json\/wp\/v2\/categories?post=124460"},{"taxonomy":"post_tag","embeddable":true,"href":"https:\/\/www.europesays.com\/fr\/wp-json\/wp\/v2\/tags?post=124460"}],"curies":[{"name":"wp","href":"https:\/\/api.w.org\/{rel}","templated":true}]}}