{"id":124474,"date":"2025-05-24T12:15:09","date_gmt":"2025-05-24T12:15:09","guid":{"rendered":"https:\/\/www.europesays.com\/fr\/124474\/"},"modified":"2025-05-24T12:15:09","modified_gmt":"2025-05-24T12:15:09","slug":"attaque-au-couteau-en-allemagne-la-suspecte-atteinte-de-troubles-mentaux","status":"publish","type":"post","link":"https:\/\/www.europesays.com\/fr\/124474\/","title":{"rendered":"Attaque au couteau en Allemagne : la suspecte atteinte de troubles mentaux"},"content":{"rendered":"<p class=\"ap-StoryElement ap-StoryElement--mb ap-StoryText\">\u00ab\u00a0Il n&rsquo;existe pas d&rsquo;indices que la suspecte ait \u00e9t\u00e9 sous l&#8217;emprise de substances psychotropes (alcool ou drogues) au moment des faits\u00a0\u00bb, ajoute-t-elle.<\/p>\n<p class=\"ap-StoryElement ap-StoryElement--mb ap-StoryText\">Aucun d\u00e9tail suppl\u00e9mentaire n&rsquo;a \u00e9t\u00e9 fourni sur ses ant\u00e9c\u00e9dents psychiatriques.<\/p>\n<p class=\"ap-StoryElement ap-StoryElement--mb ap-StoryText\">La suspecte avait \u00e9t\u00e9 arr\u00eat\u00e9e peu apr\u00e8s les faits, en d\u00e9but de soir\u00e9e, \u00ab\u00a0sans opposer de r\u00e9sistance\u00a0\u00bb.<\/p>\n<p class=\"ap-StoryElement ap-StoryElement--mb ap-StoryText\">Parmi les 18 victimes \u00e2g\u00e9es de 19 \u00e0 85 ans, sept ont \u00e9t\u00e9 bless\u00e9es l\u00e9g\u00e8rement, sept gri\u00e8vement et quatre tr\u00e8s gri\u00e8vement, selon le dernier bilan fourni par la police.<\/p>\n<p class=\"ap-StoryElement ap-StoryElement--mb ap-StoryText\">Parmi ces quatre derni\u00e8res, dont les secours ont craint un temps pour leur vie mais qui sont d\u00e9sormais dans un \u00e9tat stable, se trouvent une femme et un homme de 24 ans, une femme de 52 ans et une autre de 85 ans.<\/p>\n<p class=\"ap-StoryElement ap-StoryElement--mb ap-StoryText\">L&rsquo;Allemagne a connu ces derniers mois plusieurs attaques meurtri\u00e8res \u00e0 l&rsquo;arme blanche qui ont choqu\u00e9 le pays, ainsi que des attentats \u00e0 motif djihadiste et des violences d&rsquo;extr\u00eame droite qui ont mis au premier plan les questions de s\u00e9curit\u00e9.<\/p>\n","protected":false},"excerpt":{"rendered":"\u00ab\u00a0Il n&rsquo;existe pas d&rsquo;indices que la suspecte ait \u00e9t\u00e9 sous l&#8217;emprise de substances psychotropes (alcool ou drogues) au&hellip;\n","protected":false},"author":2,"featured_media":124475,"comment_status":"","ping_status":"","sticky":false,"template":"","format":"standard","meta":{"footnotes":""},"categories":[1587],"tags":[11,672,1804,1805,1803,1777,674,1801,8639,12,1072,1802],"class_list":{"0":"post-124474","1":"post","2":"type-post","3":"status-publish","4":"format-standard","5":"has-post-thumbnail","7":"category-allemagne","8":"tag-actualites","9":"tag-allemagne","10":"tag-bundesrepublik-deutschland","11":"tag-de","12":"tag-deutschland","13":"tag-eu","14":"tag-europe","15":"tag-germany","16":"tag-judiciaire","17":"tag-news","18":"tag-police","19":"tag-republique-federale-dallemagne"},"share_on_mastodon":{"url":"https:\/\/pubeurope.com\/@fr\/114562763992108367","error":""},"_links":{"self":[{"href":"https:\/\/www.europesays.com\/fr\/wp-json\/wp\/v2\/posts\/124474","targetHints":{"allow":["GET"]}}],"collection":[{"href":"https:\/\/www.europesays.com\/fr\/wp-json\/wp\/v2\/posts"}],"about":[{"href":"https:\/\/www.europesays.com\/fr\/wp-json\/wp\/v2\/types\/post"}],"author":[{"embeddable":true,"href":"https:\/\/www.europesays.com\/fr\/wp-json\/wp\/v2\/users\/2"}],"replies":[{"embeddable":true,"href":"https:\/\/www.europesays.com\/fr\/wp-json\/wp\/v2\/comments?post=124474"}],"version-history":[{"count":0,"href":"https:\/\/www.europesays.com\/fr\/wp-json\/wp\/v2\/posts\/124474\/revisions"}],"wp:featuredmedia":[{"embeddable":true,"href":"https:\/\/www.europesays.com\/fr\/wp-json\/wp\/v2\/media\/124475"}],"wp:attachment":[{"href":"https:\/\/www.europesays.com\/fr\/wp-json\/wp\/v2\/media?parent=124474"}],"wp:term":[{"taxonomy":"category","embeddable":true,"href":"https:\/\/www.europesays.com\/fr\/wp-json\/wp\/v2\/categories?post=124474"},{"taxonomy":"post_tag","embeddable":true,"href":"https:\/\/www.europesays.com\/fr\/wp-json\/wp\/v2\/tags?post=124474"}],"curies":[{"name":"wp","href":"https:\/\/api.w.org\/{rel}","templated":true}]}}