{"id":124488,"date":"2025-05-24T12:22:12","date_gmt":"2025-05-24T12:22:12","guid":{"rendered":"https:\/\/www.europesays.com\/fr\/124488\/"},"modified":"2025-05-24T12:22:12","modified_gmt":"2025-05-24T12:22:12","slug":"le-tours-volley-ball-entre-dans-lhistoire-en-remportant-son-dixieme-titre-de-champion-de-france","status":"publish","type":"post","link":"https:\/\/www.europesays.com\/fr\/124488\/","title":{"rendered":"le Tours Volley-Ball entre dans l&rsquo;Histoire en remportant son dixi\u00e8me titre de champion de France"},"content":{"rendered":"<p class=\"article__intro\">Apr\u00e8s un d\u00e9but de saison plus que mitig\u00e9, le TVB a conclu son exercice 2024-2025 par une victoire en finale retour du championnat de France de volley-ball masculin face \u00e0 Poitiers ce samedi 17 mai, survolant la rencontre 3 manches \u00e0 0. En empochant son dixi\u00e8me titre, le club tourangeau rejoint Cannes au pinacle du volley fran\u00e7ais.<\/p>\n<p>\n      L&rsquo;essentiel du jour : notre s\u00e9lection exclusive\n    <\/p>\n<p>\n      Chaque jour, notre r\u00e9daction vous r\u00e9serve le meilleur de l&rsquo;info r\u00e9gionale. Une s\u00e9lection rien que pour vous, pour rester en lien avec vos r\u00e9gions.\n    <\/p>\n<p>    France T\u00e9l\u00e9visions utilise votre adresse e-mail afin de vous envoyer la newsletter \u00ab\u00a0L&rsquo;essentiel du jour : notre s\u00e9lection exclusive\u00a0\u00bb. Vous pouvez vous d\u00e9sinscrire \u00e0 tout moment via le lien en bas de cette newsletter. <a target=\"_blank\" href=\"https:\/\/www.francetelevisions.fr\/groupe\/confidentialite\/politique-de-confidentialite\/politique-de-confidentialite-de-france-televisions-6503\" rel=\"nofollow noopener\">Notre politique de confidentialit\u00e9<\/a><\/p>\n<p>Le Tours Volley-Ball rentre d\u00e9finitivement dans la cour des g\u00e9ants. Ce samedi 17 mai, le club a remport\u00e9 son dixi\u00e8me titre de champion de France, le deuxi\u00e8me en trois saisons. Une victoire sans appel \u00e0 domicile, en finale retour face \u00e0 Poitiers\u00a0: les Tourangeaux ont dompt\u00e9 les Poitevins, 3 sets \u00e0 0 (29-27, 25-21, 25-17), et rejoignent au sommet du palmar\u00e8s masculin l&rsquo;AS Cannes.<\/p>\n<p>Le TVB, qui a remport\u00e9 tous ses titres au 21e si\u00e8cle, efface la d\u00e9ception de l&rsquo;an pass\u00e9 et la d\u00e9faite en finale contre Saint-Nazaire au set en or apr\u00e8s avoir arrach\u00e9 la finale retour (3-2).<\/p>\n<p>Vainqueur de la finale aller dans la Vienne (3-1), Tours a confirm\u00e9 \u00e0 la maison, ne laissant quasi aucune chance au Stade poitevin, qui devra attendre pour d\u00e9crocher un troisi\u00e8me titre de champion (apr\u00e8s 1999 et 2011). Le TVB empoche l\u00e0 son premier titre sans l&#8217;embl\u00e9matique manager Pascal Foussard, parti l&rsquo;\u00e9t\u00e9 dernier apr\u00e8s la d\u00e9sillusion face \u00e0 Saint-Nazaire.<\/p>\n<p>Poitiers, de retour cette saison en play-offs apr\u00e8s quatre ans d&rsquo;absence, n&rsquo;a pu r\u00e9sister \u00e0 la vague tourangelle, qui a presque tout emport\u00e9 en phase finale (sept victoires en huit matches, seule d\u00e9faite en demi-finales contre Montpellier, 1er de la saison r\u00e9guli\u00e8re).<\/p>\n<p>Tours avait pourtant r\u00e9alis\u00e9 un d\u00e9but de saison poussif (une victoire et cinq revers), et a encha\u00een\u00e9 de nombreuses blessures au fil de l&rsquo;exercice. \u00ab\u00a0Rien de bon ne s&rsquo;est pass\u00e9 cette saison, sauf \u00e0 la fin\u00a0\u00bb, a r\u00e9agi apr\u00e8s le match le capitaine de l&rsquo;\u00e9quipe, le Bosnien Zeljko \u0106ori\u0107 au micro de France 3.<\/p>\n<blockquote class=\"ftvi_content_quote\">\n<p class=\"ftvi_citation_quote\">Une rage nous a port\u00e9s. On a montr\u00e9 qu&rsquo;on a les capacit\u00e9s pour aller loin. Je suis tr\u00e8s fier de mes co\u00e9quipiers. C&rsquo;est une motivation pour la suite. En sport, en volley, ce n&rsquo;est jamais perdu. M\u00eame quand le bateau coule, il reste un espoir. Au d\u00e9but de la saison, on a coul\u00e9. Et ce soir, on est champions.<\/p>\n<p>Zeljko \u0106ori\u0107, capitaine du Tours Volley-Ball<\/p>\n<\/blockquote>\n<p>Durant le match, Tours n&rsquo;a r\u00e9ellement \u00e9t\u00e9 accroch\u00e9 que dans la premi\u00e8re manche, remport\u00e9e sur sa cinqui\u00e8me balle de set. Le TVB a repris les commandes du deuxi\u00e8me (de 15-17 \u00e0 19-17) gr\u00e2ce notamment \u00e0 une s\u00e9rie au service de Zeljko \u0106ori\u0107, dont un contre a offert le titre \u00e0 son \u00e9quipe. Le Bosnien a \u00e9galement beaucoup trouv\u00e9 en attaque Alexandre Strehlau (16 points \u00e0 65 % de r\u00e9ussite), l&rsquo;une des promesses fran\u00e7aises et qui a \u00e9t\u00e9 \u00e9lu meilleur joueur de la finale.<\/p>\n<p>\u00ab\u00a0Il y a un sentiment de bonheur, de fiert\u00e9, parce qu&rsquo;on avait une mission dans un club qui est habitu\u00e9 \u00e0 gagner, qui a toujours cette expectative de la performance au plus haut niveau\u00a0\u00bb, s&rsquo;est r\u00e9joui aupr\u00e8s de France 3 l&rsquo;entra\u00eeneur tourangeau, Marcelo Fronckowiak. Il met cette victoire au cr\u00e9dit de tout le travail \u00ab\u00a0accompli par les joueurs, le staff technique, le staff m\u00e9dical\u00a0\u00bb, et d&rsquo;une \u00ab\u00a0remise en question quotidienne\u00a0\u00bb de ses propres d\u00e9cisions.<\/p>\n<p>Le coach br\u00e9silien a aussi tenu \u00e0 remercier le public, parlant de \u00ab\u00a0communion incroyable dans une salle mythique, un chaudron, qui nous permet de vibrer et de chercher loin\u00a0\u00bb. \u00ab\u00a0J&rsquo;ai r\u00eav\u00e9 de \u00e7a\u00a0\u00bb, conclut-il.<\/p>\n","protected":false},"excerpt":{"rendered":"Apr\u00e8s un d\u00e9but de saison plus que mitig\u00e9, le TVB a conclu son exercice 2024-2025 par une victoire&hellip;\n","protected":false},"author":2,"featured_media":124489,"comment_status":"","ping_status":"","sticky":false,"template":"","format":"standard","meta":{"footnotes":""},"categories":[1417],"tags":[1011,27,60,1470,1469],"class_list":{"0":"post-124488","1":"post","2":"type-post","3":"status-publish","4":"format-standard","5":"has-post-thumbnail","7":"category-volley","8":"tag-fr","9":"tag-france","10":"tag-sports","11":"tag-volley","12":"tag-volleyball"},"share_on_mastodon":{"url":"https:\/\/pubeurope.com\/@fr\/114562789700591555","error":""},"_links":{"self":[{"href":"https:\/\/www.europesays.com\/fr\/wp-json\/wp\/v2\/posts\/124488","targetHints":{"allow":["GET"]}}],"collection":[{"href":"https:\/\/www.europesays.com\/fr\/wp-json\/wp\/v2\/posts"}],"about":[{"href":"https:\/\/www.europesays.com\/fr\/wp-json\/wp\/v2\/types\/post"}],"author":[{"embeddable":true,"href":"https:\/\/www.europesays.com\/fr\/wp-json\/wp\/v2\/users\/2"}],"replies":[{"embeddable":true,"href":"https:\/\/www.europesays.com\/fr\/wp-json\/wp\/v2\/comments?post=124488"}],"version-history":[{"count":0,"href":"https:\/\/www.europesays.com\/fr\/wp-json\/wp\/v2\/posts\/124488\/revisions"}],"wp:featuredmedia":[{"embeddable":true,"href":"https:\/\/www.europesays.com\/fr\/wp-json\/wp\/v2\/media\/124489"}],"wp:attachment":[{"href":"https:\/\/www.europesays.com\/fr\/wp-json\/wp\/v2\/media?parent=124488"}],"wp:term":[{"taxonomy":"category","embeddable":true,"href":"https:\/\/www.europesays.com\/fr\/wp-json\/wp\/v2\/categories?post=124488"},{"taxonomy":"post_tag","embeddable":true,"href":"https:\/\/www.europesays.com\/fr\/wp-json\/wp\/v2\/tags?post=124488"}],"curies":[{"name":"wp","href":"https:\/\/api.w.org\/{rel}","templated":true}]}}