{"id":124492,"date":"2025-05-24T12:24:08","date_gmt":"2025-05-24T12:24:08","guid":{"rendered":"https:\/\/www.europesays.com\/fr\/124492\/"},"modified":"2025-05-24T12:24:08","modified_gmt":"2025-05-24T12:24:08","slug":"roland-garros-medvedev-annonce-la-couleur-avant-le-debut-du-tournoi-honnetement-jai-limpression-de-jouer-le-meilleur-tennis-de-ma-vie-sur-terre-battue","status":"publish","type":"post","link":"https:\/\/www.europesays.com\/fr\/124492\/","title":{"rendered":"Roland Garros > Medvedev annonce la couleur avant le d\u00e9but du tournoi : \u00ab\u00a0Honn\u00eatement, j&rsquo;ai l&rsquo;impression de jouer le meilleur tennis de ma vie sur terre battue\u00a0\u00bb"},"content":{"rendered":"<p>Comment Daniil Medvedev se sent\u2010il par rapport au joueur qu\u2019il \u00e9tait lors\u00adqu\u2019il a remport\u00e9 l\u2019US Open en 2021\u202f? En conf\u00e9\u00adrence de presse \u00e0 Roland\u2010Garros, o\u00f9 il va affronter Cameron Norrie (90e mondial) au premier tour, le 11e joueur mondial a apport\u00e9 une r\u00e9ponse nuanc\u00e9e.\u00a0<\/p>\n<p><strong>\u00ab\u202fHonn\u00eatement, j\u2019ai l\u2019im\u00adpres\u00adsion de jouer le meilleur tennis de ma vie sur terre battue, m\u00eame en tenant compte de mon titre \u00e0 Rome (en 2023). Beaucoup de choses se sont mises en place. Si l\u2019on parle du jeu, des d\u00e9pla\u00adce\u00adments, des sensa\u00adtions, je pense que je r\u00e9alise ma meilleure saison sur terre battue. C\u2019est donc diffi\u00adcile pour moi de r\u00e9pondre. Sur dur, c\u2019est plus facile pour moi de r\u00e9pondre, oui, je suis loin du Daniil que j\u2019\u00e9tais sur dur. Sur terre battue, j\u2019ai l\u2019im\u00adpres\u00adsion d\u2019\u00eatre encore meilleur qu\u2019a\u00advant. C\u2019est tout ce que je peux dire. C\u2019est une bonne chose pour Roland\u2010Garros, je vais essayer de le montrer.<\/strong><\/p>\n<p class=\"post-published-date\" style=\"color: silver; font-size: 75%; text-align: left;\">Publi\u00e9 le samedi 24 mai 2025 \u00e0 13:09<\/p>\n","protected":false},"excerpt":{"rendered":"Comment Daniil Medvedev se sent\u2010il par rapport au joueur qu\u2019il \u00e9tait lors\u00adqu\u2019il a remport\u00e9 l\u2019US Open en 2021\u202f?&hellip;\n","protected":false},"author":2,"featured_media":13065,"comment_status":"","ping_status":"","sticky":false,"template":"","format":"standard","meta":{"footnotes":""},"categories":[1415],"tags":[3252,1011,27,60,1467],"class_list":{"0":"post-124492","1":"post","2":"type-post","3":"status-publish","4":"format-standard","5":"has-post-thumbnail","7":"category-tennis","8":"tag-daniil-medvedev","9":"tag-fr","10":"tag-france","11":"tag-sports","12":"tag-tennis"},"share_on_mastodon":{"url":"https:\/\/pubeurope.com\/@fr\/114562797511403190","error":""},"_links":{"self":[{"href":"https:\/\/www.europesays.com\/fr\/wp-json\/wp\/v2\/posts\/124492","targetHints":{"allow":["GET"]}}],"collection":[{"href":"https:\/\/www.europesays.com\/fr\/wp-json\/wp\/v2\/posts"}],"about":[{"href":"https:\/\/www.europesays.com\/fr\/wp-json\/wp\/v2\/types\/post"}],"author":[{"embeddable":true,"href":"https:\/\/www.europesays.com\/fr\/wp-json\/wp\/v2\/users\/2"}],"replies":[{"embeddable":true,"href":"https:\/\/www.europesays.com\/fr\/wp-json\/wp\/v2\/comments?post=124492"}],"version-history":[{"count":0,"href":"https:\/\/www.europesays.com\/fr\/wp-json\/wp\/v2\/posts\/124492\/revisions"}],"wp:featuredmedia":[{"embeddable":true,"href":"https:\/\/www.europesays.com\/fr\/wp-json\/wp\/v2\/media\/13065"}],"wp:attachment":[{"href":"https:\/\/www.europesays.com\/fr\/wp-json\/wp\/v2\/media?parent=124492"}],"wp:term":[{"taxonomy":"category","embeddable":true,"href":"https:\/\/www.europesays.com\/fr\/wp-json\/wp\/v2\/categories?post=124492"},{"taxonomy":"post_tag","embeddable":true,"href":"https:\/\/www.europesays.com\/fr\/wp-json\/wp\/v2\/tags?post=124492"}],"curies":[{"name":"wp","href":"https:\/\/api.w.org\/{rel}","templated":true}]}}