{"id":124495,"date":"2025-05-24T12:27:12","date_gmt":"2025-05-24T12:27:12","guid":{"rendered":"https:\/\/www.europesays.com\/fr\/124495\/"},"modified":"2025-05-24T12:27:12","modified_gmt":"2025-05-24T12:27:12","slug":"max-verstappen-devoile-son-super-yacht","status":"publish","type":"post","link":"https:\/\/www.europesays.com\/fr\/124495\/","title":{"rendered":"Max Verstappen d\u00e9voile son super yacht"},"content":{"rendered":"<p class=\"articleHead-lead\">\n            L&rsquo;impressionnant Mangusta GranSport 33 du N\u00e9erlandais Max Verstappen, quadruple champion du monde de F1, est amarr\u00e9 dans la principaut\u00e9 de Monaco, alors que se profile le Grand Prix. Le pilote Red Bull a baptis\u00e9 son nouveau yacht \u00abUnleash the lion\u00bb. L&#8217;embarcation, longue de 33 m\u00e8tres, est estim\u00e9e \u00e0 plus de 12 millions d&rsquo;euros.\n        <\/p>\n<p>            <img decoding=\"async\"  src=\"https:\/\/www.europesays.com\/fr\/wp-content\/uploads\/2025\/05\/1748089632_621_picture.jpg\"  class=\"apply-ratio\" alt=\"Le pilote n\u00e9erlandais Max Verstappen, pilote dans l'\u00e9curie Red Bull.\"\/><\/p>\n<p>\n                                            \u00a9 Stefano Guidi\/Getty_Images<\/p>\n<p>                                             &#8211; Le pilote n\u00e9erlandais Max Verstappen, pilote dans l&rsquo;\u00e9curie Red Bull.\n                                    <\/p>\n<ul class=\"articleMainFollow-list\">\n<li class=\"articleMainFollow-item\">\n<p>                        Sauvegarder<\/p>\n<p>                        Sauvegard\u00e9<\/p>\n<\/li>\n<li class=\"articleMainFollow-item\">\n<\/li>\n<\/ul>\n<p>\n                    Recevoir les alertes Formule 1\n                <\/p>\n<p>Avant de faire sensation au volant de sa <a href=\"https:\/\/www.capital.fr\/auto\/et-maintenant-lvmh-se-lance-dans-la-formule-1-pour-le-meilleur-1503317\" target=\"_blank\" rel=\"noopener\">formule 1 <\/a>ce <strong>dimanche 25 mai<\/strong>, le quadruple champion du monde, Max Verstappen, fait d\u00e9j\u00e0 parler de lui. C&rsquo;est en effet \u00e0 bord de son nouveau <a href=\"https:\/\/www.capital.fr\/economie-politique\/carburant-a-moitie-prix-pas-de-tva-les-sacres-avantages-dont-les-loueurs-de-yachts-beneficient-1485735\" target=\"_blank\" rel=\"noopener\">yacht <\/a>que le N\u00e9erlandais est arriv\u00e9 sur <a href=\"https:\/\/www.capital.fr\/economie-politique\/deboires-financiers-du-prince-de-monaco-albert-ii-sexplique-1504602\" target=\"_blank\" rel=\"noopener\">le Rocher,<\/a> et force est de constater qu&rsquo;il a pris de la place : d&rsquo;une longueur de <strong>33 m\u00e8tres<\/strong>, le \u00abUnleash the lion\u00bb (\u00ablib\u00e9rez le lion\u00bb, d&rsquo;apr\u00e8s le surnom dont le pilote est affubl\u00e9 sur le circuit) ne passe effectivement pas inaper\u00e7u. L&#8217;embarcation est un Mangusta GranSport 33, command\u00e9 il y a deux ans, dont la valeur est estim\u00e9e \u00e0 plus de <strong>12 millions d\u2019euros<\/strong>, selon La Gazzetta dello Sport <a href=\"https:\/\/f1only.fr\/verstappen-accoste-monaco-yacht-luxe\/\" target=\"_blank\" rel=\"noopener\">relay\u00e9e par F1 Only.<\/a><\/p>\n<p>Verstappen n&rsquo;en est pas \u00e0 son premier \u00abjoujou\u00bb. Son lion des mers s&rsquo;ajoute \u00e0 une collection de biens de luxe o\u00f9 figure \u00e9galement <strong>un jet priv\u00e9 Dassault <\/strong>Falcon 900EX. Selon le prestigieux magazine Forbes, le pilote de 27 ans a empoch\u00e9<strong> 78 millions de dollars <\/strong>au cours des 12 derniers mois, ce qui en fait le deuxi\u00e8me pilote de F1 le mieux r\u00e9mun\u00e9r\u00e9 au monde, derri\u00e8re <a href=\"https:\/\/www.capital.fr\/entreprises-marches\/pernod-ricard-sassocie-a-lewis-hamilton-et-ca-na-rien-a-voir-avec-la-f1-1501615\" target=\"_blank\" rel=\"noopener\">Lewis Hamilton<\/a> (80 millions de dollars). La plus grande partie (72 millions de dollars) est due \u00e0 son salaire et aux bonus de Red Bull, l\u2019\u00e9quipe de Formule 1 avec laquelle il court depuis 2016. Les 6 millions de dollars restants proviennent de parrainages et d\u2019<strong>accords commerciaux.<\/strong><\/p>\n<p>        \u00c0 lire aussi :<br \/>\n        <a class=\"articleToRead-link\" href=\"https:\/\/www.capital.fr\/auto\/formule-1-voici-les-pilotes-de-f1-les-mieux-payes-au-monde-1491573\" data-wide=\"\" target=\"_blank\" rel=\"noopener\"><br \/>\n            Hamilton, Verstappen, Alonso&#8230; qui sont les pilotes de F1 les mieux pay\u00e9s au monde ?<br \/>\n        <\/a><\/p>\n<p>Cinq cabines et un jacuzzi<\/p>\n<p>Le jeune pilote a donc largement de quoi s&rsquo;offrir un yacht aussi spectaculaire que celui attirant actuellement les flashs \u00e0 Monaco. Le \u00abUnleash the lion\u00bb que Max Verstappen a choisi avec sa compagne, Kelly Piquet, se compose de <strong>cinq cabines<\/strong> et peut accueillir une douzaine de personnes \u00e0 son bord, en plus des membres d&rsquo;\u00e9quipage. Il poss\u00e8de <strong>un espace d\u00e9tente<\/strong>, avec notamment un jacuzzi et un acc\u00e8s direct \u00e0 l&rsquo;eau sur sa poupe. Un v\u00e9ritable palais flottant, en somme.<\/p>\n<p>        Recevez nos derni\u00e8res news<\/p>\n<p>        Tous les jours, la s\u00e9lection des <b>principales infos<\/b> de la journ\u00e9e.<\/p>\n","protected":false},"excerpt":{"rendered":"L&rsquo;impressionnant Mangusta GranSport 33 du N\u00e9erlandais Max Verstappen, quadruple champion du monde de F1, est amarr\u00e9 dans la&hellip;\n","protected":false},"author":2,"featured_media":124496,"comment_status":"","ping_status":"","sticky":false,"template":"","format":"standard","meta":{"footnotes":""},"categories":[1412],"tags":[1451,1452,1453,1454,1455,1011,27,2425,60,21075],"class_list":{"0":"post-124495","1":"post","2":"type-post","3":"status-publish","4":"format-standard","5":"has-post-thumbnail","7":"category-f1","8":"tag-f1","9":"tag-formula-1","10":"tag-formula1","11":"tag-formule-1","12":"tag-formule1","13":"tag-fr","14":"tag-france","15":"tag-luxe","16":"tag-sports","17":"tag-yacht"},"share_on_mastodon":{"url":"https:\/\/pubeurope.com\/@fr\/114562809423374311","error":""},"_links":{"self":[{"href":"https:\/\/www.europesays.com\/fr\/wp-json\/wp\/v2\/posts\/124495","targetHints":{"allow":["GET"]}}],"collection":[{"href":"https:\/\/www.europesays.com\/fr\/wp-json\/wp\/v2\/posts"}],"about":[{"href":"https:\/\/www.europesays.com\/fr\/wp-json\/wp\/v2\/types\/post"}],"author":[{"embeddable":true,"href":"https:\/\/www.europesays.com\/fr\/wp-json\/wp\/v2\/users\/2"}],"replies":[{"embeddable":true,"href":"https:\/\/www.europesays.com\/fr\/wp-json\/wp\/v2\/comments?post=124495"}],"version-history":[{"count":0,"href":"https:\/\/www.europesays.com\/fr\/wp-json\/wp\/v2\/posts\/124495\/revisions"}],"wp:featuredmedia":[{"embeddable":true,"href":"https:\/\/www.europesays.com\/fr\/wp-json\/wp\/v2\/media\/124496"}],"wp:attachment":[{"href":"https:\/\/www.europesays.com\/fr\/wp-json\/wp\/v2\/media?parent=124495"}],"wp:term":[{"taxonomy":"category","embeddable":true,"href":"https:\/\/www.europesays.com\/fr\/wp-json\/wp\/v2\/categories?post=124495"},{"taxonomy":"post_tag","embeddable":true,"href":"https:\/\/www.europesays.com\/fr\/wp-json\/wp\/v2\/tags?post=124495"}],"curies":[{"name":"wp","href":"https:\/\/api.w.org\/{rel}","templated":true}]}}