{"id":124499,"date":"2025-05-24T12:29:09","date_gmt":"2025-05-24T12:29:09","guid":{"rendered":"https:\/\/www.europesays.com\/fr\/124499\/"},"modified":"2025-05-24T12:29:09","modified_gmt":"2025-05-24T12:29:09","slug":"midi-dix-gerard-lopez-marque-un-point-contre-bordeaux-metropole-au-tribunal-de-commerce-girondins-infos","status":"publish","type":"post","link":"https:\/\/www.europesays.com\/fr\/124499\/","title":{"rendered":"Midi Dix : G\u00e9rard Lopez marque un point contre Bordeaux M\u00e9tropole au tribunal de commerce, Girondins infos"},"content":{"rendered":"<p>\n    24\/05 &#8211; 12:47 | Il y a<br \/>\n    2 heures\n  <\/p>\n<p><strong>C&rsquo;est le retour de ce rendez-vous d&rsquo;actu \u00e0 mi-journ\u00e9e ce samedi. Nous profitons de la pause pour faire un point complet sur l&rsquo;actualit\u00e9 des Girondins de Bordeaux avec une revue de presse et des infos. Nous parlons des derniers d\u00e9veloppement autour de la proc\u00e9dure de restructuration de la dette du club.<\/strong><\/p>\n<p><img decoding=\"async\" src=\"https:\/\/www.europesays.com\/fr\/wp-content\/uploads\/2025\/05\/671_85a824f523067acdd2636a50c7b71e00.jpg\" alt=\"Midi Dix : G\u00e9rard Lopez marque un point contre Bordeaux M\u00e9tropole au tribunal de commerce, Girondins infos\" class=\"img-responsive mt-3\"\/><\/p>\n<p class=\"text-center mb-3\" style=\"font-size: 14px\">\u00a9 Iconsport<\/p>\n<p>Regarder cette \u00e9mission sur cette page ou sur la cha\u00eene <a href=\"https:\/\/www.youtube.com\/watch?v=9US423KNWr4\" target=\"_blank\" rel=\"noopener\">YouTube de WebGirondins<\/a>.<\/p>\n<p>\u00a0<\/p>\n<p>Ce navigateur ne supporte pas les iframes<\/p>\n<p>\u00a0<\/p>\n<p>\u00c0 lire &gt;&gt; <strong><a href=\"https:\/\/www.webgirondins.com\/actualite-girondins-girondins-la-mairie-de-bordeaux-exige-officiellement-le-remboursement-integral-de-sa-creance-129178\" target=\"_blank\" rel=\"noopener\">La mairie de Bordeaux exige officiellement le remboursement int\u00e9gral de sa cr\u00e9ance<\/a><\/strong><\/p>\n<p>Notre podcast court \u00e0 \u00e9couter :<br \/><strong><br \/><\/strong><\/p>\n<p>\u00a0<\/p>\n<p>    <a href=\"https:\/\/www.webgirondins.com\/actualites-categorie-webgirondins-tv-12\" target=\"_blank\" rel=\"noopener\">#WebGirondins TV<\/a><\/p>\n<p>  COMMENTAIRES<br \/>\n  ()<\/p>\n","protected":false},"excerpt":{"rendered":"24\/05 &#8211; 12:47 | Il y a 2 heures C&rsquo;est le retour de ce rendez-vous d&rsquo;actu \u00e0 mi-journ\u00e9e&hellip;\n","protected":false},"author":2,"featured_media":37667,"comment_status":"","ping_status":"","sticky":false,"template":"","format":"standard","meta":{"footnotes":""},"categories":[1410],"tags":[1111,47,3396,1997,215,3949,1444,154,4560,63,1011,27,8294,1987,1114,3465,8295,12141,2800,11961,3946,11965,3948,471,4048,11964,11963,8133,4053,3982,60,3693,4568],"class_list":{"0":"post-124499","1":"post","2":"type-post","3":"status-publish","4":"format-standard","5":"has-post-thumbnail","7":"category-football","8":"tag-actu","9":"tag-actualite","10":"tag-avec","11":"tag-bordeaux","12":"tag-commerce","13":"tag-complet","14":"tag-contre","15":"tag-des","16":"tag-faire","17":"tag-football","18":"tag-fr","19":"tag-france","20":"tag-gerard","21":"tag-girondins","22":"tag-infos","23":"tag-journee","24":"tag-lopez","25":"tag-marque","26":"tag-metropole","27":"tag-midi","28":"tag-nous","29":"tag-pause","30":"tag-point","31":"tag-pour","32":"tag-presse","33":"tag-profitons","34":"tag-rendez","35":"tag-retour","36":"tag-revue","37":"tag-samedi","38":"tag-sports","39":"tag-tribunal","40":"tag-vous"},"share_on_mastodon":{"url":"https:\/\/pubeurope.com\/@fr\/114562817453407616","error":""},"_links":{"self":[{"href":"https:\/\/www.europesays.com\/fr\/wp-json\/wp\/v2\/posts\/124499","targetHints":{"allow":["GET"]}}],"collection":[{"href":"https:\/\/www.europesays.com\/fr\/wp-json\/wp\/v2\/posts"}],"about":[{"href":"https:\/\/www.europesays.com\/fr\/wp-json\/wp\/v2\/types\/post"}],"author":[{"embeddable":true,"href":"https:\/\/www.europesays.com\/fr\/wp-json\/wp\/v2\/users\/2"}],"replies":[{"embeddable":true,"href":"https:\/\/www.europesays.com\/fr\/wp-json\/wp\/v2\/comments?post=124499"}],"version-history":[{"count":0,"href":"https:\/\/www.europesays.com\/fr\/wp-json\/wp\/v2\/posts\/124499\/revisions"}],"wp:featuredmedia":[{"embeddable":true,"href":"https:\/\/www.europesays.com\/fr\/wp-json\/wp\/v2\/media\/37667"}],"wp:attachment":[{"href":"https:\/\/www.europesays.com\/fr\/wp-json\/wp\/v2\/media?parent=124499"}],"wp:term":[{"taxonomy":"category","embeddable":true,"href":"https:\/\/www.europesays.com\/fr\/wp-json\/wp\/v2\/categories?post=124499"},{"taxonomy":"post_tag","embeddable":true,"href":"https:\/\/www.europesays.com\/fr\/wp-json\/wp\/v2\/tags?post=124499"}],"curies":[{"name":"wp","href":"https:\/\/api.w.org\/{rel}","templated":true}]}}