{"id":124506,"date":"2025-05-24T12:33:11","date_gmt":"2025-05-24T12:33:11","guid":{"rendered":"https:\/\/www.europesays.com\/fr\/124506\/"},"modified":"2025-05-24T12:33:11","modified_gmt":"2025-05-24T12:33:11","slug":"quels-sont-les-invites-de-lea-salame-de-ce-samedi-24-mai-2025","status":"publish","type":"post","link":"https:\/\/www.europesays.com\/fr\/124506\/","title":{"rendered":"quels sont les invit\u00e9s de L\u00e9a Salam\u00e9 de ce samedi 24 mai 2025 ?"},"content":{"rendered":"<p>L\u2019animatrice et ses acolytes Paul de Saint Sernin et Philippe Caverivi\u00e8re sont de retour dans le talk-show de France 2 et vont recevoir de nombreuses personnalit\u00e9s.<\/p>\n<p class=\"fig-paragraph\"><a href=\"https:\/\/www.lefigaro.fr\/tag\/lea-salame\" target=\"_blank\" rel=\"noopener nofollow\" data-gtm-custom-categorie=\"navigation\" data-gtm-custom-action=\"crossclick\" data-gtm-custom-label=\"Contextuel\" data-gtm-event=\"customEventSPE\"><strong>L\u00e9a Salam\u00e9<\/strong><\/a> \u00a0et toute son \u00e9quipe sont de retour dans \u00abQuelle \u00e9poque\u00a0!\u00bb. Samedi dernier, l\u2019\u00e9mission avait \u00e9t\u00e9 supprim\u00e9e \u00e0 cause de la diffusion de l\u2019Eurovision,\u00a0<a href=\"http:\/\/tvmag.lefigaro.fr\/programme-tv\/actu-tele\/surprise-de-l-estonie-defaite-de-louane-et-victoire-de-l-autriche-ce-qu-il-faut-retenir-de-l-eurovision-2025-20250518\" target=\"_blank\" data-fig-type=\"Article\" rel=\"noopener nofollow\" data-gtm-custom-categorie=\"navigation\" data-gtm-custom-action=\"crossclick\" data-gtm-custom-label=\"Contextuel\" data-gtm-event=\"customEventSPE\" data-fig-domain=\"TVMAG\">concours dans lequel Louane repr\u00e9sentait la France<\/a>.<\/p>\n<p class=\"fig-paragraph\">Ce samedi 25 mai, l\u2019animatrice, accompagn\u00e9e de son sniper\u00a0<a href=\"https:\/\/www.lefigaro.fr\/tag\/paul-de-saint-sernin\" target=\"_blank\" rel=\"noopener nofollow\" data-gtm-custom-categorie=\"navigation\" data-gtm-custom-action=\"crossclick\" data-gtm-custom-label=\"Contextuel\" data-gtm-event=\"customEventSPE\">Paul de Saint Sernin<\/a>\u00a0et de l\u2019humoriste\u00a0<a href=\"https:\/\/www.lefigaro.fr\/tag\/philippe-caveriviere\" target=\"_blank\" rel=\"noopener nofollow\" data-gtm-custom-categorie=\"navigation\" data-gtm-custom-action=\"crossclick\" data-gtm-custom-label=\"Contextuel\" data-gtm-event=\"customEventSPE\">Philippe Caverivi\u00e8re<\/a>, sera donc bien pr\u00e9sente en deuxi\u00e8me partie de soir\u00e9e sur France 2, apr\u00e8s\u00a0<a href=\"http:\/\/www.lefigaro.fr\/sports\/football\/coupe-de-france\/coupe-de-france-psg-reims-une-finale-avec-la-tete-ailleurs-20250523\" target=\"_blank\" data-fig-type=\"NewsFlash\" rel=\"noopener nofollow\" data-gtm-custom-categorie=\"navigation\" data-gtm-custom-action=\"crossclick\" data-gtm-custom-label=\"Contextuel\" data-gtm-event=\"customEventSPE\" data-fig-domain=\"LEFIGARO\">la finale de la Coupe de France<\/a>\u00a0qui oppose le Paris Saint-Germain \u00e0 Reims.<\/p>\n<p class=\"fig-body-link\">\n            \u00c0 lire aussi<br \/>\n        <a class=\"fig-body-link__link\" href=\"http:\/\/tvmag.lefigaro.fr\/programme-tv\/actu-tele\/fallait-pas-me-lancer-sur-ce-terrain-la-laurent-ruquier-commente-le-succes-de-lea-salame-dans-quelle-epoque-20250518\" target=\"_blank\" data-fig-type=\"Article\" rel=\"noopener nofollow\" data-gtm-custom-categorie=\"navigation\" data-gtm-custom-action=\"crossclick\" data-gtm-custom-label=\"Contextuel\" data-gtm-event=\"customEventSPE\" data-fig-domain=\"TVMAG\">\u00abFallait pas me lancer sur ce terrain-l\u00e0\u00bb\u00a0: Laurent Ruquier commente le succ\u00e8s de L\u00e9a Salam\u00e9 dans \u00abQuelle \u00e9poque\u00bb<br \/>\n    <\/a>\n<\/p>\n<p class=\"fig-paragraph\">Comme \u00e0 chaque fois, elle recevra de nombreuses personnalit\u00e9s venues de divers horizons \u00e0 commencer par\u00a0<a href=\"https:\/\/www.lefigaro.fr\/tag\/jarry\" target=\"_blank\" rel=\"noopener nofollow\" data-gtm-custom-categorie=\"navigation\" data-gtm-custom-action=\"crossclick\" data-gtm-custom-label=\"Contextuel\" data-gtm-event=\"customEventSPE\">Jarry<\/a>. Le comique, qui a anim\u00e9 un temps\u00a0<a href=\"https:\/\/tvmag.lefigaro.fr\/programme-tv\/programme\/tout-le-monde-veut-prendre-sa-place-d1677158512\" target=\"_blank\" rel=\"noopener nofollow\" data-gtm-custom-categorie=\"navigation\" data-gtm-custom-action=\"crossclick\" data-gtm-custom-label=\"Contextuel\" data-gtm-event=\"customEventSPE\">\u00abTout le monde veut prendre sa place\u00bb<\/a>\u00a0sur France 2, est de retour sur sc\u00e8ne pour une tourn\u00e9e avec son spectacle Bonhomme. En avril 2026, il a programm\u00e9 trois dates dans un lieu exceptionnel\u00a0: la salle Gustave Eiffel qui se trouve au premier \u00e9tage de la Tour Eiffel \u00e0 Paris.<\/p>\n<p class=\"fig-paragraph\">La chanteuse\u00a0<a href=\"https:\/\/www.lefigaro.fr\/tag\/amel-bent\" target=\"_blank\" rel=\"noopener nofollow\" data-gtm-custom-categorie=\"navigation\" data-gtm-custom-action=\"crossclick\" data-gtm-custom-label=\"Contextuel\" data-gtm-event=\"customEventSPE\">Amel Bent<\/a>\u00a0sera aussi pr\u00e9sente sur le plateau de \u00abQuelle \u00e9poque\u00a0!\u00bb. Vingt ans apr\u00e8s s\u2019\u00eatre fait conna\u00eetre dans le t\u00e9l\u00e9-crochet de M6 \u00abNouvelle Star\u00bb, elle vient de sortir Minuit une, le huiti\u00e8me album de sa carri\u00e8re. \u00c0 39 ans, l\u2019artiste y \u00e9voque certains sujets personnels comme le deuil ou la d\u00e9pression. Elle \u00e9tait aussi pr\u00e9sente au Festival de Cannes pour pr\u00e9senter le film Ma fr\u00e8re de Lise Akoka dans lequel elle tient le premier r\u00f4le.<\/p>\n<p class=\"fig-body-link\">\n            \u00c0 lire aussi<br \/>\n        <a class=\"fig-body-link__link\" href=\"http:\/\/tvmag.lefigaro.fr\/programme-tv\/actu-tele\/je-n-ai-pas-eu-une-bonne-experience-ni-avec-l-une-ni-avec-l-autre-une-ex-candidate-de-the-voice-balance-sur-jenifer-et-amel-bent-20230501\" target=\"_blank\" data-fig-type=\"Article\" rel=\"noopener nofollow\" data-gtm-custom-categorie=\"navigation\" data-gtm-custom-action=\"crossclick\" data-gtm-custom-label=\"Contextuel\" data-gtm-event=\"customEventSPE\" data-fig-domain=\"TVMAG\">\u00abJe n&rsquo;ai pas eu une bonne exp\u00e9rience, ni avec l&rsquo;une ni avec l&rsquo;autre\u00bb\u00a0: une ex-candidate de \u00abThe Voice\u00bb balance sur Jenifer et Amel Bent<br \/>\n    <\/a>\n<\/p>\n<p class=\"fig-paragraph\">Elle retrouvera le com\u00e9dien\u00a0<a href=\"https:\/\/www.lefigaro.fr\/tag\/raphael-quenard\" target=\"_blank\" rel=\"noopener nofollow\" data-gtm-custom-categorie=\"navigation\" data-gtm-custom-action=\"crossclick\" data-gtm-custom-label=\"Contextuel\" data-gtm-event=\"customEventSPE\">Rapha\u00ebl Quenard<\/a>\u00a0qui viendra dans l\u2019\u00e9mission de L\u00e9a Salam\u00e9 pr\u00e9senter son premier roman intitul\u00e9 Clamser \u00e0 Tataouine \u00e9dit\u00e9 chez Flammarion. Un thriller dans lequel il met en sc\u00e8ne un psychopathe. Il y a quelques jours, il \u00e9tait pr\u00e9sent \u00e0 Cannes et s\u2019est fait interviewer par les journalistes des\u00a0<a href=\"https:\/\/tvmag.lefigaro.fr\/programme-tv\/programme\/les-rencontres-du-papotin-d912635744\" target=\"_blank\" rel=\"noopener nofollow\" data-gtm-custom-categorie=\"navigation\" data-gtm-custom-action=\"crossclick\" data-gtm-custom-label=\"Contextuel\" data-gtm-event=\"customEventSPE\">\u00abRencontres du Papotin\u00bb<\/a>.<\/p>\n<p class=\"fig-paragraph\">Alors que le tournoi de\u00a0<a href=\"https:\/\/www.lefigaro.fr\/sports\/tennis\/roland-garros\" target=\"_blank\" data-fig-type=\"Section\" rel=\"noopener nofollow\" data-gtm-custom-categorie=\"navigation\" data-gtm-custom-action=\"crossclick\" data-gtm-custom-label=\"Contextuel\" data-gtm-event=\"customEventSPE\" data-fig-domain=\"LEFIGARO\">Roland-Garros<\/a>\u00a0d\u00e9butera ce dimanche 15 mai Porte d\u2019Auteuil, l\u2019animatrice recevra\u00a0<a href=\"https:\/\/www.lefigaro.fr\/tag\/benoit-paire\" target=\"_blank\" rel=\"noopener nofollow\" data-gtm-custom-categorie=\"navigation\" data-gtm-custom-action=\"crossclick\" data-gtm-custom-label=\"Contextuel\" data-gtm-event=\"customEventSPE\">Beno\u00eet Paire<\/a>. Le tennisman de 36 ans, ancien 18e mondial et actuellement \u00e0 la 576e place, est surtout connu pour ses frasques sur les courts. Il officie depuis lundi dernier \u00e0 la t\u00eate de la cha\u00eene num\u00e9rique Roland-Garros lanc\u00e9e par France T\u00e9l\u00e9visions \u00e0 l\u2019occasion du tournoi. Il y montre un autre visage en faisant vivre la cha\u00eene, en commentant des matchs et en r\u00e9pondant en direct aux questions des t\u00e9l\u00e9spectateurs via le chat \u00ab La Fan Zone\u00a0\u00bb.<\/p>\n<p class=\"fig-body-link\">\n            \u00c0 lire aussi<br \/>\n        <a class=\"fig-body-link__link\" href=\"http:\/\/tvmag.lefigaro.fr\/programme-tv\/ce-soir-tele\/roland-garros-tremblements-de-terre-en-direct-sur-france-televisions-20250524\" target=\"_blank\" data-fig-type=\"Article\" rel=\"noopener nofollow\" data-gtm-custom-categorie=\"navigation\" data-gtm-custom-action=\"crossclick\" data-gtm-custom-label=\"Contextuel\" data-gtm-event=\"customEventSPE\" data-fig-domain=\"TVMAG\">Roland-Garros\u00a0: tremblements de terre en direct sur France T\u00e9l\u00e9visions<br \/>\n    <\/a>\n<\/p>\n<p class=\"fig-paragraph\">Le sportif c\u00f4toiera\u00a0<a href=\"https:\/\/www.lefigaro.fr\/tag\/jacques-seguela\" target=\"_blank\" rel=\"noopener nofollow\" data-gtm-custom-categorie=\"navigation\" data-gtm-custom-action=\"crossclick\" data-gtm-custom-label=\"Contextuel\" data-gtm-event=\"customEventSPE\">Jacques S\u00e9gu\u00e9la<\/a>\u00a0sur le plateau de France 2 mais aussi l\u2019entrepreneur\u00a0<a href=\"https:\/\/www.lefigaro.fr\/tag\/olivier-goy\" target=\"_blank\" rel=\"noopener nofollow\" data-gtm-custom-categorie=\"navigation\" data-gtm-custom-action=\"crossclick\" data-gtm-custom-label=\"Contextuel\" data-gtm-event=\"customEventSPE\">Olivier Goy<\/a>. Atteint de la maladie de Charcot, ce dernier viendra parler de son livre Invincible\u00a0: derri\u00e8re le sourire, le combat d\u2019une vie mais aussi du film Invincible \u00e9t\u00e9 r\u00e9alis\u00e9 par St\u00e9phanie Pillonca. Ce dernier sera diffus\u00e9 pour la premi\u00e8re fois en clair sur Paris Premi\u00e8re le 14 juin prochain \u00e0 21 heures.<\/p>\n<p>\u00a0\u00bb<br \/>\n        data-script=\u00a0\u00bbhttps:\/\/static.lefigaro.fr\/widget-video\/short-ttl\/video\/index.js\u00a0\u00bb<br \/>\n    &gt;<\/p>\n","protected":false},"excerpt":{"rendered":"L\u2019animatrice et ses acolytes Paul de Saint Sernin et Philippe Caverivi\u00e8re sont de retour dans le talk-show de&hellip;\n","protected":false},"author":2,"featured_media":124507,"comment_status":"","ping_status":"","sticky":false,"template":"","format":"standard","meta":{"footnotes":""},"categories":[1356],"tags":[497,496,499,58,59,1011,27,594,3806,500,504,505,495,503,502,501,252,1364,498],"class_list":{"0":"post-124506","1":"post","2":"type-post","3":"status-publish","4":"format-standard","5":"has-post-thumbnail","7":"category-television","8":"tag-actu-tv","9":"tag-actualite-tv","10":"tag-buzz-tv","11":"tag-divertissement","12":"tag-entertainment","13":"tag-fr","14":"tag-france","15":"tag-france-2","16":"tag-lea-salame","17":"tag-medias","18":"tag-news-tele","19":"tag-news-television","20":"tag-news-tv","21":"tag-programme-tele","22":"tag-programme-tv","23":"tag-quiz-tv","24":"tag-television","25":"tag-tv","26":"tag-tv-actu"},"share_on_mastodon":{"url":"https:\/\/pubeurope.com\/@fr\/114562833109197866","error":""},"_links":{"self":[{"href":"https:\/\/www.europesays.com\/fr\/wp-json\/wp\/v2\/posts\/124506","targetHints":{"allow":["GET"]}}],"collection":[{"href":"https:\/\/www.europesays.com\/fr\/wp-json\/wp\/v2\/posts"}],"about":[{"href":"https:\/\/www.europesays.com\/fr\/wp-json\/wp\/v2\/types\/post"}],"author":[{"embeddable":true,"href":"https:\/\/www.europesays.com\/fr\/wp-json\/wp\/v2\/users\/2"}],"replies":[{"embeddable":true,"href":"https:\/\/www.europesays.com\/fr\/wp-json\/wp\/v2\/comments?post=124506"}],"version-history":[{"count":0,"href":"https:\/\/www.europesays.com\/fr\/wp-json\/wp\/v2\/posts\/124506\/revisions"}],"wp:featuredmedia":[{"embeddable":true,"href":"https:\/\/www.europesays.com\/fr\/wp-json\/wp\/v2\/media\/124507"}],"wp:attachment":[{"href":"https:\/\/www.europesays.com\/fr\/wp-json\/wp\/v2\/media?parent=124506"}],"wp:term":[{"taxonomy":"category","embeddable":true,"href":"https:\/\/www.europesays.com\/fr\/wp-json\/wp\/v2\/categories?post=124506"},{"taxonomy":"post_tag","embeddable":true,"href":"https:\/\/www.europesays.com\/fr\/wp-json\/wp\/v2\/tags?post=124506"}],"curies":[{"name":"wp","href":"https:\/\/api.w.org\/{rel}","templated":true}]}}