{"id":124512,"date":"2025-05-24T12:36:12","date_gmt":"2025-05-24T12:36:12","guid":{"rendered":"https:\/\/www.europesays.com\/fr\/124512\/"},"modified":"2025-05-24T12:36:12","modified_gmt":"2025-05-24T12:36:12","slug":"ce-que-la-sedentarite-fait-vraiment-a-votre-coeur-a-vos-muscles-et-a-votre-cerveau-et-comment-ce-petit-exercice-chaque-jour-suffit-a-inverser-la-tendance","status":"publish","type":"post","link":"https:\/\/www.europesays.com\/fr\/124512\/","title":{"rendered":"Ce que la s\u00e9dentarit\u00e9 fait vraiment \u00e0 votre c\u0153ur, \u00e0 vos muscles et \u00e0 votre cerveau\u2026 et comment ce petit exercice chaque jour suffit \u00e0 inverser la tendance"},"content":{"rendered":"<p>\t\t\t\t\t Un mode de vie qui affaiblit tout l\u2019organisme<\/p>\n<p data-start=\"808\" data-end=\"1179\">En 2023, une \u00e9tude norv\u00e9gienne relay\u00e9e par Le Monde a montr\u00e9 qu\u2019<strong data-start=\"874\" data-end=\"1002\">une journ\u00e9e pass\u00e9e assis sans interruption ou activit\u00e9 physique augmente significativement le risque de mortalit\u00e9 pr\u00e9matur\u00e9e<\/strong>. Ce n\u2019est pas la seule \u00e9tude en ce sens : selon l\u2019Organisation mondiale de la sant\u00e9 (OMS), <strong data-start=\"1094\" data-end=\"1178\">la s\u00e9dentarit\u00e9 est responsable d\u2019environ 10 % des d\u00e9c\u00e8s pr\u00e9matur\u00e9s dans le monde<\/strong>.<\/p>\n<p data-start=\"1181\" data-end=\"1392\">Contrairement \u00e0 ce que l\u2019on croit, <strong data-start=\"1216\" data-end=\"1343\">le fait de faire une s\u00e9ance de sport deux fois par semaine ne suffit pas \u00e0 compenser un mode de vie majoritairement inactif<\/strong>. Ce qui compte, c\u2019est le mouvement au quotidien.<\/p>\n<p> Ce qui se passe dans le corps quand on reste assis trop longtemps<\/p>\n<p data-start=\"1464\" data-end=\"1626\">La s\u00e9dentarit\u00e9 a des effets concrets sur trois syst\u00e8mes essentiels : le c\u0153ur, les muscles et le cerveau. Et ces effets sont mesurables, parfois d\u00e8s l\u2019adolescence.<\/p>\n<p>C\u0153ur : un muscle qui se d\u00e9r\u00e8gle<\/p>\n<p data-start=\"1665\" data-end=\"2003\">Des chercheurs ont mis en \u00e9vidence que <strong data-start=\"1704\" data-end=\"1803\">chez les jeunes s\u00e9dentaires, le c\u0153ur peut d\u00e9j\u00e0 montrer des signes d\u2019\u00e9paississement pathologique<\/strong>, avec une diminution de sa capacit\u00e9 \u00e0 se d\u00e9tendre correctement entre deux contractions. \u00c0 long terme, cela favorise l\u2019apparition d\u2019hypertension, de troubles du rythme, voire d\u2019insuffisance cardiaque.<\/p>\n<p>Muscles : perte de force, fatigue et m\u00e9tabolisme au ralenti<\/p>\n<p data-start=\"2070\" data-end=\"2403\">L\u2019absence de sollicitation musculaire conduit \u00e0 <strong data-start=\"2118\" data-end=\"2184\">une fonte musculaire progressive, m\u00eame chez les jeunes adultes<\/strong>. Les fibres musculaires perdent en efficacit\u00e9, le m\u00e9tabolisme basal diminue, la prise de poids s\u2019acc\u00e9l\u00e8re. Cela concerne aussi les muscles posturaux, d\u2019o\u00f9 l\u2019apparition fr\u00e9quente de <strong data-start=\"2366\" data-end=\"2402\">douleurs lombaires ou cervicales<\/strong>.<\/p>\n<p>Cerveau : ralentissement cognitif et troubles de l\u2019humeur<\/p>\n<p data-start=\"2468\" data-end=\"2757\">Passer plusieurs heures sans bouger r\u00e9duit <strong data-start=\"2511\" data-end=\"2565\">l\u2019oxyg\u00e9nation c\u00e9r\u00e9brale et la plasticit\u00e9 neuronale<\/strong>, avec un impact sur l\u2019attention, la m\u00e9moire et m\u00eame le moral. Plusieurs \u00e9tudes ont montr\u00e9 que <strong data-start=\"2660\" data-end=\"2724\">la s\u00e9dentarit\u00e9 augmente le risque de d\u00e9pression et d\u2019anxi\u00e9t\u00e9<\/strong>, y compris chez les adolescents.<\/p>\n<p>Les effets de la s\u00e9dentarit\u00e9 sur le corps : tableau synth\u00e9tique<\/p>\n<tr data-start=\"2832\" data-end=\"2981\">\n<strong data-start=\"2834\" data-end=\"2851\">Zone affect\u00e9e<\/strong><br \/>\n<strong data-start=\"2854\" data-end=\"2882\">Cons\u00e9quences principales<\/strong><br \/>\n<strong data-start=\"2933\" data-end=\"2949\">\u00c0 long terme<\/strong><br \/>\n<\/tr>\n<tr data-start=\"3130\" data-end=\"3289\">\n<td data-start=\"3130\" data-end=\"3150\" data-col-size=\"sm\"><strong data-start=\"3132\" data-end=\"3140\">C\u0153ur<\/strong><\/td>\n<td data-start=\"3150\" data-end=\"3229\" data-col-size=\"md\">Diminution de la fonction diastolique, affaiblissement de la pompe cardiaque<\/td>\n<td data-start=\"3229\" data-end=\"3289\" data-col-size=\"md\">Risque accru d\u2019hypertension, AVC, insuffisance cardiaque<\/td>\n<\/tr>\n<tr data-start=\"3290\" data-end=\"3441\">\n<td data-start=\"3290\" data-end=\"3310\" data-col-size=\"sm\"><strong data-start=\"3292\" data-end=\"3303\">Muscles<\/strong><\/td>\n<td data-start=\"3310\" data-end=\"3390\" data-col-size=\"md\">Perte de masse musculaire, ralentissement du m\u00e9tabolisme, douleurs posturales<\/td>\n<td data-start=\"3390\" data-end=\"3441\" data-col-size=\"md\">Sarcop\u00e9nie, surpoids, fatigue chronique<\/td>\n<\/tr>\n<tr data-start=\"3442\" data-end=\"3591\">\n<td data-start=\"3442\" data-end=\"3462\" data-col-size=\"sm\"><strong data-start=\"3444\" data-end=\"3455\">Cerveau<\/strong><\/td>\n<td data-start=\"3462\" data-end=\"3541\" data-col-size=\"md\">Moindre oxyg\u00e9nation, baisse de la concentration, humeur alt\u00e9r\u00e9e<\/td>\n<td data-start=\"3541\" data-end=\"3591\" data-col-size=\"md\">D\u00e9pression, anxi\u00e9t\u00e9, d\u00e9clin cognitif pr\u00e9coce<\/td>\n<\/tr>\n<p> 25 minutes pour inverser la tendance<\/p>\n<p data-start=\"3639\" data-end=\"3965\">La m\u00eame \u00e9tude norv\u00e9gienne d\u00e9j\u00e0 cit\u00e9e r\u00e9v\u00e8le un chiffre cl\u00e9 : <strong data-start=\"3700\" data-end=\"3823\">25 minutes d\u2019activit\u00e9 physique mod\u00e9r\u00e9e par jour suffisent \u00e0 neutraliser l\u2019essentiel des effets nocifs de la s\u00e9dentarit\u00e9<\/strong>. Ce n\u2019est pas forc\u00e9ment du sport intense : <strong data-start=\"3867\" data-end=\"3938\">la marche rapide, le v\u00e9lo d\u2019appartement ou m\u00eame le m\u00e9nage \u00e9nergique<\/strong> font partie des solutions.<\/p>\n<p data-start=\"3967\" data-end=\"4196\">L\u2019important est la <strong data-start=\"3986\" data-end=\"4012\">r\u00e9gularit\u00e9 quotidienne<\/strong>. Contrairement \u00e0 une s\u00e9ance hebdomadaire intense, <strong data-start=\"4063\" data-end=\"4128\">ces 25 minutes agissent comme un \u00ab\u00a0entretien de base\u00a0\u00bb du corps<\/strong>, stimulant le syst\u00e8me cardiovasculaire, les muscles, et le cerveau.<\/p>\n<p> Exemples d\u2019activit\u00e9s faciles \u00e0 int\u00e9grer au quotidien :<\/p>\n<ul data-start=\"4258\" data-end=\"4567\">\n<li data-start=\"4258\" data-end=\"4324\">Marcher 15 minutes le matin, 10 minutes le soir, \u00e0 un bon rythme<\/li>\n<li data-start=\"4258\" data-end=\"4324\">Se lever toutes les 45 minutes pour 2 minutes de mouvement<\/li>\n<li data-start=\"4258\" data-end=\"4324\">Monter les escaliers au lieu de prendre l\u2019ascenseur<\/li>\n<li data-start=\"4258\" data-end=\"4324\">Faire du jardinage, du m\u00e9nage, des \u00e9tirements dynamiques<\/li>\n<li data-start=\"4258\" data-end=\"4324\">Utiliser un v\u00e9lo d\u2019appartement en lisant ou en regardant une vid\u00e9o<\/li>\n<\/ul>\n<p>Bouger un peu chaque jour, c\u2019est d\u00e9j\u00e0 beaucoup<\/p>\n<p data-start=\"4625\" data-end=\"4915\"><strong data-start=\"4625\" data-end=\"4691\">Il n\u2019est pas n\u00e9cessaire d\u2019\u00eatre sportif pour prot\u00e9ger sa sant\u00e9.<\/strong> Ce que d\u00e9montrent les donn\u00e9es r\u00e9centes, c\u2019est qu\u2019<strong data-start=\"4741\" data-end=\"4821\">un effort modeste mais quotidien vaut mieux qu\u2019un entra\u00eenement intense isol\u00e9<\/strong>. C\u2019est une excellente nouvelle pour tous ceux qui n\u2019aiment pas le sport ou manquent de temps.<\/p>\n<p data-start=\"4917\" data-end=\"5140\"><strong data-start=\"4917\" data-end=\"4971\">L\u2019essentiel est de casser le cycle de l\u2019immobilit\u00e9<\/strong>, de stimuler le corps, m\u00eame bri\u00e8vement, et d\u2019en faire une routine. Car si la s\u00e9dentarit\u00e9 d\u00e9grade en silence, <strong data-start=\"5081\" data-end=\"5140\">le mouvement quotidien r\u00e9pare, stabilise et revitalise.<\/strong><\/p>\n<p data-start=\"5142\" data-end=\"5256\" data-is-last-node=\"\" data-is-only-node=\"\">En 2025, <strong data-start=\"5151\" data-end=\"5218\">le vrai geste sant\u00e9, c\u2019est simplement de ne pas rester immobile<\/strong>. Un pas apr\u00e8s l\u2019autre, litt\u00e9ralement.<\/p>\n","protected":false},"excerpt":{"rendered":"Un mode de vie qui affaiblit tout l\u2019organisme En 2023, une \u00e9tude norv\u00e9gienne relay\u00e9e par Le Monde a&hellip;\n","protected":false},"author":2,"featured_media":124513,"comment_status":"","ping_status":"","sticky":false,"template":"","format":"standard","meta":{"footnotes":""},"categories":[10],"tags":[6521,6725,1011,27,72,2575,2089,6453,24707,56,71,24708],"class_list":{"0":"post-124512","1":"post","2":"type-post","3":"status-publish","4":"format-standard","5":"has-post-thumbnail","7":"category-sante","8":"tag-coeur","9":"tag-corps","10":"tag-fr","11":"tag-france","12":"tag-health","13":"tag-jardinage","14":"tag-marche","15":"tag-menage","16":"tag-muscles","17":"tag-push","18":"tag-sante","19":"tag-sedentarite"},"share_on_mastodon":{"url":"https:\/\/pubeurope.com\/@fr\/114562844840681653","error":""},"_links":{"self":[{"href":"https:\/\/www.europesays.com\/fr\/wp-json\/wp\/v2\/posts\/124512","targetHints":{"allow":["GET"]}}],"collection":[{"href":"https:\/\/www.europesays.com\/fr\/wp-json\/wp\/v2\/posts"}],"about":[{"href":"https:\/\/www.europesays.com\/fr\/wp-json\/wp\/v2\/types\/post"}],"author":[{"embeddable":true,"href":"https:\/\/www.europesays.com\/fr\/wp-json\/wp\/v2\/users\/2"}],"replies":[{"embeddable":true,"href":"https:\/\/www.europesays.com\/fr\/wp-json\/wp\/v2\/comments?post=124512"}],"version-history":[{"count":0,"href":"https:\/\/www.europesays.com\/fr\/wp-json\/wp\/v2\/posts\/124512\/revisions"}],"wp:featuredmedia":[{"embeddable":true,"href":"https:\/\/www.europesays.com\/fr\/wp-json\/wp\/v2\/media\/124513"}],"wp:attachment":[{"href":"https:\/\/www.europesays.com\/fr\/wp-json\/wp\/v2\/media?parent=124512"}],"wp:term":[{"taxonomy":"category","embeddable":true,"href":"https:\/\/www.europesays.com\/fr\/wp-json\/wp\/v2\/categories?post=124512"},{"taxonomy":"post_tag","embeddable":true,"href":"https:\/\/www.europesays.com\/fr\/wp-json\/wp\/v2\/tags?post=124512"}],"curies":[{"name":"wp","href":"https:\/\/api.w.org\/{rel}","templated":true}]}}