{"id":124518,"date":"2025-05-24T12:39:12","date_gmt":"2025-05-24T12:39:12","guid":{"rendered":"https:\/\/www.europesays.com\/fr\/124518\/"},"modified":"2025-05-24T12:39:12","modified_gmt":"2025-05-24T12:39:12","slug":"un-an-apres-ces-acheteurs-regrettent-leur-casque-vision-pro-a-3-500-dollars","status":"publish","type":"post","link":"https:\/\/www.europesays.com\/fr\/124518\/","title":{"rendered":"un an apr\u00e8s, ces acheteurs regrettent leur casque Vision Pro \u00e0 3 500 dollars"},"content":{"rendered":"<p>Pari manqu\u00e9 pour Apple ? Un an apr\u00e8s le lancement en fanfare du Vision Pro, son tout premier casque de r\u00e9alit\u00e9 mixte, l&rsquo;appareil vendu 3 500 dollars (environ 3 078 euros) n&rsquo;a pas tenu ses promesses. Dans une enqu\u00eate publi\u00e9e par le <a data-i13n=\"cpos:1;pos:1\" href=\"https:\/\/www.wsj.com\/tech\/they-paid-3-500-for-apples-vision-pro-a-year-later-it-still-hurts-496de341\" rel=\"nofollow noopener\" target=\"_blank\" data-ylk=\"slk:Wall Street Journal;cpos:1;pos:1;elm:context_link;itc:0;sec:content-canvas\" class=\"link \">Wall Street Journal<\/a>, plusieurs premiers acheteurs racontent leur d\u00e9sillusion. Le Vision Pro semble peiner \u00e0 trouver sa place dans la vie quotidienne.<\/p>\n<p>\u00ab Je l&rsquo;ai utilis\u00e9 quatre fois dans l&rsquo;ann\u00e9e, pas plus. Maintenant, il est dans un bac avec d&rsquo;autres gadgets oubli\u00e9s \u00bb, confie au quotidien am\u00e9ricain Dustin Fox, agent immobilier en Virginie. Comme beaucoup d&rsquo;early adopters, cet acheteur compulsif de nouveaut\u00e9s technologiques s&rsquo;\u00e9tait ru\u00e9 sur le casque \u00e0 sa sortie, <a data-i13n=\"cpos:2;pos:1\" href=\"https:\/\/www.lepoint.fr\/services\/apple-vision-pro-deja-disponible-en-france-et-a-prix-reduit-comment-ne-pas-craquer-16-02-2024-2552607_4345.php\" rel=\"nofollow noopener\" target=\"_blank\" data-ylk=\"slk:en f\u00e9vrier 2024;cpos:2;pos:1;elm:context_link;itc:0;sec:content-canvas\" class=\"link \">en f\u00e9vrier 2024<\/a>. Un an plus tard, c&rsquo;est la d\u00e9ception. \u00ab Il est bien trop lourd. Au bout de vingt ou trente minutes, j&rsquo;ai mal au cou. \u00bb<\/p>\n<p>\u00c0 LIRE AUSSI <a data-i13n=\"cpos:3;pos:1\" href=\"https:\/\/www.lepoint.fr\/high-tech-internet\/realite-augmentee-meta-devoile-orion-son-prototype-futuriste-de-lunettes-holographiques-26-09-2024-2571219_47.php\" rel=\"nofollow noopener\" target=\"_blank\" data-ylk=\"slk:Les lunettes holographiques de Meta, un bijou technologique que vous ne pourrez pas acheter;cpos:3;pos:1;elm:context_link;itc:0;sec:content-canvas\" class=\"link \"><strong>Les lunettes holographiques de Meta, un bijou technologique que vous ne pourrez pas acheter<\/strong><\/a><\/p>\n<p>Et Fox n&rsquo;est pas seul. Tovia Goldstein, 24 ans, voulait regarder ses films et s\u00e9ries pr\u00e9f\u00e9r\u00e9s en immersion. Pourtant, au bout d&rsquo;une heure, il doit retirer le casque, victime de fatigue cervicale. \u00ab Il faut le jeter au sol, litt\u00e9ralement. \u00bb Plus g\u00eanant encore : le manque cruel d&rsquo;applications d\u00e9di\u00e9es. Quant au d\u00e9marrage de l&rsquo;appareil, il lui semble interminable : \u00ab Trois minutes pour brancher la batterie et l&rsquo;allumer ? \u00c7a me d\u00e9courage. \u00bb<\/p>\n<p>\u00ab C&rsquo;est un aper\u00e7u du futur, mais on n&rsquo;y est pas encore \u00bb<\/p>\n<p>Mais c&rsquo;est peut-\u00eatre dans l&rsquo;espace public que le <a data-i13n=\"cpos:4;pos:1\" href=\"https:\/\/www.lepoint.fr\/services\/apple-vision-pro-3-alternatives-moins-cheres-performantes-et-disponibles-en-france-24-02-2024-2553295_4345.php\" rel=\"nofollow noopener\" target=\"_blank\" data-ylk=\"slk:Visi [...];cpos:4;pos:1;elm:context_link;itc:0;sec:content-canvas\" class=\"link \">Visi [&#8230;] <\/a><a data-i13n=\"cpos:5;pos:1\" href=\"https:\/\/www.lepoint.fr\/high-tech-internet\/il-faut-le-jeter-au-sol-un-an-apres-ces-acheteurs-regrettent-leur-casque-vision-pro-a-3-500-dollars-24-05-2025-2590404_47.php\" rel=\"nofollow noopener\" target=\"_blank\" data-ylk=\"slk:Lire la suite;cpos:5;pos:1;elm:context_link;itc:0;sec:content-canvas\" class=\"link \">Lire la suite<\/a><\/p>\n","protected":false},"excerpt":{"rendered":"Pari manqu\u00e9 pour Apple ? Un an apr\u00e8s le lancement en fanfare du Vision Pro, son tout premier&hellip;\n","protected":false},"author":2,"featured_media":124519,"comment_status":"","ping_status":"","sticky":false,"template":"","format":"standard","meta":{"footnotes":""},"categories":[7],"tags":[733,10631,1011,27,43,40,41,39,42,44,24709,16261,22283],"class_list":{"0":"post-124518","1":"post","2":"type-post","3":"status-publish","4":"format-standard","5":"has-post-thumbnail","7":"category-sciences-et-technologies","8":"tag-apple","9":"tag-casque","10":"tag-fr","11":"tag-france","12":"tag-science","13":"tag-science-and-technology","14":"tag-sciences","15":"tag-sciences-et-technologies","16":"tag-technologies","17":"tag-technology","18":"tag-tovia-goldstein","19":"tag-vision-pro","20":"tag-wall-street-journal"},"share_on_mastodon":{"url":"https:\/\/pubeurope.com\/@fr\/114562856722975869","error":""},"_links":{"self":[{"href":"https:\/\/www.europesays.com\/fr\/wp-json\/wp\/v2\/posts\/124518","targetHints":{"allow":["GET"]}}],"collection":[{"href":"https:\/\/www.europesays.com\/fr\/wp-json\/wp\/v2\/posts"}],"about":[{"href":"https:\/\/www.europesays.com\/fr\/wp-json\/wp\/v2\/types\/post"}],"author":[{"embeddable":true,"href":"https:\/\/www.europesays.com\/fr\/wp-json\/wp\/v2\/users\/2"}],"replies":[{"embeddable":true,"href":"https:\/\/www.europesays.com\/fr\/wp-json\/wp\/v2\/comments?post=124518"}],"version-history":[{"count":0,"href":"https:\/\/www.europesays.com\/fr\/wp-json\/wp\/v2\/posts\/124518\/revisions"}],"wp:featuredmedia":[{"embeddable":true,"href":"https:\/\/www.europesays.com\/fr\/wp-json\/wp\/v2\/media\/124519"}],"wp:attachment":[{"href":"https:\/\/www.europesays.com\/fr\/wp-json\/wp\/v2\/media?parent=124518"}],"wp:term":[{"taxonomy":"category","embeddable":true,"href":"https:\/\/www.europesays.com\/fr\/wp-json\/wp\/v2\/categories?post=124518"},{"taxonomy":"post_tag","embeddable":true,"href":"https:\/\/www.europesays.com\/fr\/wp-json\/wp\/v2\/tags?post=124518"}],"curies":[{"name":"wp","href":"https:\/\/api.w.org\/{rel}","templated":true}]}}