{"id":124522,"date":"2025-05-24T12:41:09","date_gmt":"2025-05-24T12:41:09","guid":{"rendered":"https:\/\/www.europesays.com\/fr\/124522\/"},"modified":"2025-05-24T12:41:09","modified_gmt":"2025-05-24T12:41:09","slug":"des-militaires-morts-de-chaud-49-degres-a-lombre-ce-pays-suffoque-sous-la-chaleur","status":"publish","type":"post","link":"https:\/\/www.europesays.com\/fr\/124522\/","title":{"rendered":"Des militaires morts de chaud, 49 degr\u00e9s \u00e0 l\u2019ombre\u2026 Ce pays suffoque sous la chaleur"},"content":{"rendered":"<p>Ce sont des temp\u00e9ratures auxquelles le pays est parfois confront\u00e9 au c\u0153ur de l\u2019\u00e9t\u00e9. Mais jamais \u00e0 cette p\u00e9riode de l\u2019ann\u00e9e. En <a href=\"https:\/\/www.20minutes.fr\/monde\/irak\/\" class=\"color-ultramarine c-link\" rel=\"nofollow noopener\" target=\"_blank\">Irak<\/a>, le thermom\u00e8tre affichait 49 degr\u00e9s jeudi, notamment dans certaines r\u00e9gions du sud de ce pays du <a href=\"https:\/\/www.20minutes.fr\/monde\/proche-orient\/\" class=\"color-ultramarine c-link\" rel=\"nofollow noopener\" target=\"_blank\">proche Orient<\/a>. Il s\u2019agit de la temp\u00e9rature la plus \u00e9lev\u00e9e enregistr\u00e9e cette ann\u00e9e selon les services m\u00e9t\u00e9orologiques.<\/p>\n<p>Cette vague pr\u00e9coce de chaleur a d\u00e9j\u00e0 fait au moins deux victimes. Dimanche, deux cadets militaires souffrant de d\u00e9shydratation sont morts. Plusieurs autres ont \u00e9t\u00e9 hospitalis\u00e9s apr\u00e8s une exposition prolong\u00e9e au soleil dans une acad\u00e9mie militaire de Dhi Qar, une province pauvre et marginalis\u00e9e du Sud. Les autorit\u00e9s ont critiqu\u00e9 ces mauvais traitements et quatre encadrants ont \u00e9t\u00e9 limog\u00e9s. \u00ab\u00a0Un coll\u00e8gue s\u2019est \u00e9vanoui hier pendant qu\u2019on travaillait sur un syst\u00e8me de climatisation sur le toit d\u2019un immeuble\u00a0\u00bb, confie Moustafa, 23 ans, travailleur journalier et militant \u00e9cologiste \u00e0 Missane.<\/p>\n<\/p>\n<p>Avec des pr\u00e9cipitations en baisse, des p\u00e9nuries d\u2019eau et des temp\u00e9ratures en hausse, l\u2019Irak a travers\u00e9 ces derni\u00e8res ann\u00e9es des \u00e9pisodes de s\u00e9cheresse qui rendent le quotidien rude pour ses 46\u00a0millions d\u2019habitants. Depuis la mi-avril, le pays a \u00e9t\u00e9 balay\u00e9 <a href=\"https:\/\/www.20minutes.fr\/monde\/4148624-20250414-irak-pres-1-800-personnes-soignees-suffocation-apres-impressionnante-tempete-sable\" class=\"color-ultramarine c-link\" rel=\"nofollow noopener\" target=\"_blank\">par plus de cinq temp\u00eates de poussi\u00e8re ou de sable<\/a>.<\/p>\n<p>Encore des records battus dans le monde<\/p>\n<p>Apr\u00e8s une ann\u00e9e\u00a02024 la plus chaude jamais mesur\u00e9e sur les continents comme \u00e0 la surface des oc\u00e9ans, 2025 devrait poursuivre la tendance avec des records de chaleur d\u00e9j\u00e0 enregistr\u00e9s ces derniers mois en Europe et en Chine notamment.<\/p>\n","protected":false},"excerpt":{"rendered":"Ce sont des temp\u00e9ratures auxquelles le pays est parfois confront\u00e9 au c\u0153ur de l\u2019\u00e9t\u00e9. Mais jamais \u00e0 cette&hellip;\n","protected":false},"author":2,"featured_media":124523,"comment_status":"","ping_status":"","sticky":false,"template":"","format":"standard","meta":{"footnotes":""},"categories":[5],"tags":[47,11,6698,13208,4734,1129,1011,27,14,4366,74,12,7612,5140,28],"class_list":{"0":"post-124522","1":"post","2":"type-post","3":"status-publish","4":"format-standard","5":"has-post-thumbnail","7":"category-international","8":"tag-actualite","9":"tag-actualites","10":"tag-canicule","11":"tag-chaleur","12":"tag-changement-climatique","13":"tag-climat","14":"tag-fr","15":"tag-france","16":"tag-international","17":"tag-irak","18":"tag-monde","19":"tag-news","20":"tag-proche-orient","21":"tag-rechauffement-climatique","22":"tag-world"},"share_on_mastodon":{"url":"https:\/\/pubeurope.com\/@fr\/114562864442474454","error":""},"_links":{"self":[{"href":"https:\/\/www.europesays.com\/fr\/wp-json\/wp\/v2\/posts\/124522","targetHints":{"allow":["GET"]}}],"collection":[{"href":"https:\/\/www.europesays.com\/fr\/wp-json\/wp\/v2\/posts"}],"about":[{"href":"https:\/\/www.europesays.com\/fr\/wp-json\/wp\/v2\/types\/post"}],"author":[{"embeddable":true,"href":"https:\/\/www.europesays.com\/fr\/wp-json\/wp\/v2\/users\/2"}],"replies":[{"embeddable":true,"href":"https:\/\/www.europesays.com\/fr\/wp-json\/wp\/v2\/comments?post=124522"}],"version-history":[{"count":0,"href":"https:\/\/www.europesays.com\/fr\/wp-json\/wp\/v2\/posts\/124522\/revisions"}],"wp:featuredmedia":[{"embeddable":true,"href":"https:\/\/www.europesays.com\/fr\/wp-json\/wp\/v2\/media\/124523"}],"wp:attachment":[{"href":"https:\/\/www.europesays.com\/fr\/wp-json\/wp\/v2\/media?parent=124522"}],"wp:term":[{"taxonomy":"category","embeddable":true,"href":"https:\/\/www.europesays.com\/fr\/wp-json\/wp\/v2\/categories?post=124522"},{"taxonomy":"post_tag","embeddable":true,"href":"https:\/\/www.europesays.com\/fr\/wp-json\/wp\/v2\/tags?post=124522"}],"curies":[{"name":"wp","href":"https:\/\/api.w.org\/{rel}","templated":true}]}}