{"id":124524,"date":"2025-05-24T12:42:08","date_gmt":"2025-05-24T12:42:08","guid":{"rendered":"https:\/\/www.europesays.com\/fr\/124524\/"},"modified":"2025-05-24T12:42:08","modified_gmt":"2025-05-24T12:42:08","slug":"une-fusillade-dans-la-communaute-gitane-fait-plusieurs-blesses-aux-saintes-maries-de-la-mer","status":"publish","type":"post","link":"https:\/\/www.europesays.com\/fr\/124524\/","title":{"rendered":"Une fusillade dans la communaut\u00e9 gitane fait plusieurs bless\u00e9s aux Saintes-Maries-de-la-Mer"},"content":{"rendered":"<p>Plusieurs coups de feu ont \u00e9t\u00e9 tir\u00e9s dans le village des Saintes-Maries-de-la-Mer en cette matin\u00e9e du samedi 24\u00a0mai, premier jour du <a href=\"https:\/\/www.laprovence.com\/article\/societe\/2211083623168314\/des-milliers-de-personnes-attendues-pour-le-pelerinage-gitan-des-saintes-maries-de-la-mer-du-24-au-26-mai\" target=\"_blank\" rel=\"noopener\">c\u00e9l\u00e8bre p\u00e8lerinage des gitans<\/a>. Les gendarmes, intervenus sur place, ont \u00e9tabli un barrage \u00e0 l&rsquo;entr\u00e9e du village aux alentours de 13\u00a0heures, \u00e9vacuant les passants.<\/p>\n<p>D&rsquo;apr\u00e8s un commer\u00e7ant local qui a entendu les coups de feu et assist\u00e9 au mouvement de foule, il s&rsquo;agirait d&rsquo;un conflit entre deux clans familiaux.<\/p>\n<p>En plus du c\u0153ur du village, d&rsquo;autres coups de feu ont \u00e9t\u00e9 tir\u00e9s dans un camp gitan pr\u00e8s de la d\u00e9chetterie, faisant plusieurs bless\u00e9s par balle, dont un au ventre.<\/p>\n<p>La vie semble avoir repris son cours au c\u0153ur du village et pour l&rsquo;instant le p\u00e8lerinage n&rsquo;est pas annul\u00e9.\u00a0<\/p>\n<p><strong>Plus d&rsquo;informations \u00e0 venir&#8230;<\/strong><\/p>\n","protected":false},"excerpt":{"rendered":"Plusieurs coups de feu ont \u00e9t\u00e9 tir\u00e9s dans le village des Saintes-Maries-de-la-Mer en cette matin\u00e9e du samedi 24\u00a0mai,&hellip;\n","protected":false},"author":2,"featured_media":124525,"comment_status":"","ping_status":"","sticky":false,"template":"","format":"standard","meta":{"footnotes":""},"categories":[4],"tags":[17,11,4371,1446,21,274,1011,27,3832,24710,12,2513,25,96],"class_list":{"0":"post-124524","1":"post","2":"type-post","3":"status-publish","4":"format-standard","5":"has-post-thumbnail","7":"category-france","8":"tag-17","9":"tag-actualites","10":"tag-communaute","11":"tag-dans","12":"tag-fait","13":"tag-faits-divers-justice","14":"tag-fr","15":"tag-france","16":"tag-fusillade","17":"tag-gitane","18":"tag-news","19":"tag-plusieurs","20":"tag-republique-francaise","21":"tag-une"},"share_on_mastodon":{"url":"https:\/\/pubeurope.com\/@fr\/114562868502054412","error":""},"_links":{"self":[{"href":"https:\/\/www.europesays.com\/fr\/wp-json\/wp\/v2\/posts\/124524","targetHints":{"allow":["GET"]}}],"collection":[{"href":"https:\/\/www.europesays.com\/fr\/wp-json\/wp\/v2\/posts"}],"about":[{"href":"https:\/\/www.europesays.com\/fr\/wp-json\/wp\/v2\/types\/post"}],"author":[{"embeddable":true,"href":"https:\/\/www.europesays.com\/fr\/wp-json\/wp\/v2\/users\/2"}],"replies":[{"embeddable":true,"href":"https:\/\/www.europesays.com\/fr\/wp-json\/wp\/v2\/comments?post=124524"}],"version-history":[{"count":0,"href":"https:\/\/www.europesays.com\/fr\/wp-json\/wp\/v2\/posts\/124524\/revisions"}],"wp:featuredmedia":[{"embeddable":true,"href":"https:\/\/www.europesays.com\/fr\/wp-json\/wp\/v2\/media\/124525"}],"wp:attachment":[{"href":"https:\/\/www.europesays.com\/fr\/wp-json\/wp\/v2\/media?parent=124524"}],"wp:term":[{"taxonomy":"category","embeddable":true,"href":"https:\/\/www.europesays.com\/fr\/wp-json\/wp\/v2\/categories?post=124524"},{"taxonomy":"post_tag","embeddable":true,"href":"https:\/\/www.europesays.com\/fr\/wp-json\/wp\/v2\/tags?post=124524"}],"curies":[{"name":"wp","href":"https:\/\/api.w.org\/{rel}","templated":true}]}}