{"id":124526,"date":"2025-05-24T12:43:08","date_gmt":"2025-05-24T12:43:08","guid":{"rendered":"https:\/\/www.europesays.com\/fr\/124526\/"},"modified":"2025-05-24T12:43:08","modified_gmt":"2025-05-24T12:43:08","slug":"en-essonne-une-professeur-blessee-par-une-porte-lancee-du-4e-etage-par-des-eleves","status":"publish","type":"post","link":"https:\/\/www.europesays.com\/fr\/124526\/","title":{"rendered":"en Essonne, une professeur bless\u00e9e par une porte lanc\u00e9e du 4e \u00e9tage par des \u00e9l\u00e8ves"},"content":{"rendered":"<p>Deux \u00e9l\u00e8ves, jusqu\u2019\u00e0 pr\u00e9sent inconnus des services de police, ont \u00e9t\u00e9 interpell\u00e9s. Une enqu\u00eate a \u00e9t\u00e9 ouverte pour \u00abtentative d\u2019homicide\u00bb.<\/p>\n<p class=\"fig-paragraph\">Des \u00abagissements inacceptables\u00bb. Jeudi, au sein du lyc\u00e9e Geoffroy Saint-Hilaire d\u2019\u00c9tampes (Essonne),\u00a0<a href=\"http:\/\/www.lefigaro.fr\/actualite-france\/violence-des-jeunes-une-construction-tribale-fait-office-de-norme-dans-certains-quartiers-20240417\" data-fig-type=\"Article\" data-gtm-custom-categorie=\"navigation\" data-gtm-custom-action=\"crossclick\" data-gtm-custom-label=\"Contextuel\" data-gtm-event=\"customEventSPE\" data-fig-domain=\"LEFIGARO\" target=\"_blank\" rel=\"noopener\">des \u00e9l\u00e8ves ont lanc\u00e9 une porte<\/a>\u00a0du quatri\u00e8me \u00e9tage de leur lyc\u00e9e alors qu\u2019un groupe de professeurs \u00e9taient en train de marcher, indique une source polici\u00e8re au Figaro, confirmant les informations du\u00a0<a href=\"https:\/\/www.leparisien.fr\/essonne-91\/un-acte-inqualifiable-une-porte-lancee-du-4e-etage-par-des-eleves-blesse-une-prof-du-lycee-detampes-23-05-2025-VUZE5VD3HZBYVHETBWMLEQGVJQ.php?ts=1748078988029\" target=\"_blank\" rel=\"nofollow noopener\" data-gtm-custom-categorie=\"navigation\" data-gtm-custom-action=\"crossclick\" data-gtm-custom-label=\"Contextuel\" data-gtm-event=\"customEventSPE\">Parisien<\/a> . Une professeur a \u00e9t\u00e9 bless\u00e9e et l\u2019\u00e9quipe enseignante a effectu\u00e9 son droit de retrait vendredi.<\/p>\n<p class=\"fig-paragraph\">Aux alentours de 15 heures jeudi, des \u00e9l\u00e8ves se sont empar\u00e9s d\u2019une porte qui avait \u00e9t\u00e9 d\u00e9gond\u00e9e des sanitaires et l\u2019ont port\u00e9 \u00e0 plusieurs afin de la jeter de la fen\u00eatre depuis le quatri\u00e8me \u00e9tage. Des professeurs se trouvaient alors dans la cour et y ont \u00e9chapp\u00e9 de peu. Son poids \u00e9tait estim\u00e9 \u00e0 16 kg.<\/p>\n<p>Deux \u00e9l\u00e8ves interpell\u00e9s<\/p>\n<p class=\"fig-paragraph\">Une professeur \u00aba \u00e9t\u00e9 l\u00e9g\u00e8rement bless\u00e9e, elle souffre d\u2019ecchymoses et reste \u00e9videmment choqu\u00e9e\u00bb, a fait savoir l\u2019\u00e9quipe de Val\u00e9rie P\u00e9cresse, pr\u00e9sidente (LR) de la r\u00e9gion \u00cele-de-France. Notre source nous pr\u00e9cise qu\u2019elle a \u00e9t\u00e9 conduite \u00e0 l\u2019h\u00f4pital pour examen. Une enqu\u00eate a \u00e9t\u00e9 ouverte pour \u00abtentative d\u2019homicide\u00bb, indique\u00a0<a href=\"https:\/\/actu.fr\/ile-de-france\/etampes_91223\/il-y-aurait-pu-y-avoir-un-meurtre-une-enseignante-de-ce-lycee-de-l-essonne-blessee-par-un-jet-de-porte_62681789.html\" target=\"_blank\" rel=\"nofollow noopener\" data-gtm-custom-categorie=\"navigation\" data-gtm-custom-action=\"crossclick\" data-gtm-custom-label=\"Contextuel\" data-gtm-event=\"customEventSPE\">Actu Essonne<\/a>. Les investigations ont \u00e9t\u00e9 confi\u00e9es au commissariat d\u2019\u00c9tampes. Deux \u00e9l\u00e8ves, inconnus des services de police selon nos informations, ont depuis \u00e9t\u00e9 interpell\u00e9s.<\/p>\n<p class=\"fig-paragraph\">Scandalis\u00e9s par un acte qui aurait pu \u00eatre dramatique, les professeurs ont fait part de leur grande inqui\u00e9tude et effectu\u00e9 leur droit de retrait vendredi. Les enseignants cibl\u00e9s ont pu b\u00e9n\u00e9ficier de la protection fonctionnelle, tandis qu\u2019un conseil de discipline doit se tenir prochainement. Le maire de la ville Franck Marlin a fait part de son soutien et s\u2019est dit scandalis\u00e9 par \u00abcet agissement inacceptable, que je condamne avec la plus extr\u00eame fermet\u00e9 et qui appelle une sanction exemplaire, au regard de sa particuli\u00e8re gravit\u00e9 et des cons\u00e9quences potentiellement dramatiques qu\u2019il aurait pu entra\u00eener.\u00bb<\/p>\n","protected":false},"excerpt":{"rendered":"Deux \u00e9l\u00e8ves, jusqu\u2019\u00e0 pr\u00e9sent inconnus des services de police, ont \u00e9t\u00e9 interpell\u00e9s. Une enqu\u00eate a \u00e9t\u00e9 ouverte pour&hellip;\n","protected":false},"author":2,"featured_media":124527,"comment_status":"","ping_status":"","sticky":false,"template":"","format":"standard","meta":{"footnotes":""},"categories":[2],"tags":[119,11,3694,271,2951,3695,1936,3696,118,1011,27,2825,1253,303,2633,12,1072,2694,2949],"class_list":{"0":"post-124526","1":"post","2":"type-post","3":"status-publish","4":"format-standard","5":"has-post-thumbnail","7":"category-actualites","8":"tag-accident","9":"tag-actualites","10":"tag-affaires","11":"tag-crime","12":"tag-criminalite","13":"tag-enquetes","14":"tag-essonne","15":"tag-evenements","16":"tag-faits-divers","17":"tag-fr","18":"tag-france","19":"tag-insecurite","20":"tag-islamisme","21":"tag-justice","22":"tag-lycee","23":"tag-news","24":"tag-police","25":"tag-proces","26":"tag-violences"},"share_on_mastodon":{"url":"https:\/\/pubeurope.com\/@fr\/114562872468400119","error":""},"_links":{"self":[{"href":"https:\/\/www.europesays.com\/fr\/wp-json\/wp\/v2\/posts\/124526","targetHints":{"allow":["GET"]}}],"collection":[{"href":"https:\/\/www.europesays.com\/fr\/wp-json\/wp\/v2\/posts"}],"about":[{"href":"https:\/\/www.europesays.com\/fr\/wp-json\/wp\/v2\/types\/post"}],"author":[{"embeddable":true,"href":"https:\/\/www.europesays.com\/fr\/wp-json\/wp\/v2\/users\/2"}],"replies":[{"embeddable":true,"href":"https:\/\/www.europesays.com\/fr\/wp-json\/wp\/v2\/comments?post=124526"}],"version-history":[{"count":0,"href":"https:\/\/www.europesays.com\/fr\/wp-json\/wp\/v2\/posts\/124526\/revisions"}],"wp:featuredmedia":[{"embeddable":true,"href":"https:\/\/www.europesays.com\/fr\/wp-json\/wp\/v2\/media\/124527"}],"wp:attachment":[{"href":"https:\/\/www.europesays.com\/fr\/wp-json\/wp\/v2\/media?parent=124526"}],"wp:term":[{"taxonomy":"category","embeddable":true,"href":"https:\/\/www.europesays.com\/fr\/wp-json\/wp\/v2\/categories?post=124526"},{"taxonomy":"post_tag","embeddable":true,"href":"https:\/\/www.europesays.com\/fr\/wp-json\/wp\/v2\/tags?post=124526"}],"curies":[{"name":"wp","href":"https:\/\/api.w.org\/{rel}","templated":true}]}}