{"id":124528,"date":"2025-05-24T12:45:10","date_gmt":"2025-05-24T12:45:10","guid":{"rendered":"https:\/\/www.europesays.com\/fr\/124528\/"},"modified":"2025-05-24T12:45:10","modified_gmt":"2025-05-24T12:45:10","slug":"la-loire-dans-le-retro-il-y-a-40-ans-un-derby-asse","status":"publish","type":"post","link":"https:\/\/www.europesays.com\/fr\/124528\/","title":{"rendered":"La Loire dans le r\u00e9tro. Il y a 40 ans, un derby ASSE"},"content":{"rendered":"<p>Cr\u00e9\u00e9 par l&rsquo;US For\u00e9zienne en 1972, le tournoi cadets de Feurs a longtemps \u00e9t\u00e9 un rendez-vous majeur de la fin de saison footballistique dans la Loire. Et le rendez-vous a m\u00eame eu droit \u00e0 son derby. Le 25 mai 1985, la finale opposait l&rsquo;AS Saint-\u00c9tienne et l&rsquo;Olympique lyonnais. La r\u00e9daction du Progr\u00e8s a fouill\u00e9 dans ses archives photos pour retrouver les images de cette rencontre.<\/p>\n","protected":false},"excerpt":{"rendered":"Cr\u00e9\u00e9 par l&rsquo;US For\u00e9zienne en 1972, le tournoi cadets de Feurs a longtemps \u00e9t\u00e9 un rendez-vous majeur de&hellip;\n","protected":false},"author":2,"featured_media":124529,"comment_status":"","ping_status":"","sticky":false,"template":"","format":"standard","meta":{"footnotes":""},"categories":[9653],"tags":[1111,11,4000,2430,9840,11986,7359,7539,1777,674,24711,63,1011,27,2798,4002,3367,12,2755,25,11985,4001,10806],"class_list":{"0":"post-124528","1":"post","2":"type-post","3":"status-publish","4":"format-standard","5":"has-post-thumbnail","7":"category-saint-etienne","8":"tag-actu","9":"tag-actualites","10":"tag-asse-as-saint-etienne-football","11":"tag-auvergne-rhone-alpes","12":"tag-derby","13":"tag-doc-photo","14":"tag-edition-loire-centre","15":"tag-edition-loire-sud","16":"tag-eu","17":"tag-europe","18":"tag-feurs","19":"tag-football","20":"tag-fr","21":"tag-france","22":"tag-galerie-photo","23":"tag-haute-loire","24":"tag-loire","25":"tag-news","26":"tag-ol-olympique-lyonnais-football","27":"tag-republique-francaise","28":"tag-retro","29":"tag-saint-etienne","30":"tag-selection-de-la-redaction-42"},"share_on_mastodon":{"url":"https:\/\/pubeurope.com\/@fr\/114562880084153623","error":""},"_links":{"self":[{"href":"https:\/\/www.europesays.com\/fr\/wp-json\/wp\/v2\/posts\/124528","targetHints":{"allow":["GET"]}}],"collection":[{"href":"https:\/\/www.europesays.com\/fr\/wp-json\/wp\/v2\/posts"}],"about":[{"href":"https:\/\/www.europesays.com\/fr\/wp-json\/wp\/v2\/types\/post"}],"author":[{"embeddable":true,"href":"https:\/\/www.europesays.com\/fr\/wp-json\/wp\/v2\/users\/2"}],"replies":[{"embeddable":true,"href":"https:\/\/www.europesays.com\/fr\/wp-json\/wp\/v2\/comments?post=124528"}],"version-history":[{"count":0,"href":"https:\/\/www.europesays.com\/fr\/wp-json\/wp\/v2\/posts\/124528\/revisions"}],"wp:featuredmedia":[{"embeddable":true,"href":"https:\/\/www.europesays.com\/fr\/wp-json\/wp\/v2\/media\/124529"}],"wp:attachment":[{"href":"https:\/\/www.europesays.com\/fr\/wp-json\/wp\/v2\/media?parent=124528"}],"wp:term":[{"taxonomy":"category","embeddable":true,"href":"https:\/\/www.europesays.com\/fr\/wp-json\/wp\/v2\/categories?post=124528"},{"taxonomy":"post_tag","embeddable":true,"href":"https:\/\/www.europesays.com\/fr\/wp-json\/wp\/v2\/tags?post=124528"}],"curies":[{"name":"wp","href":"https:\/\/api.w.org\/{rel}","templated":true}]}}