{"id":124532,"date":"2025-05-24T12:49:18","date_gmt":"2025-05-24T12:49:18","guid":{"rendered":"https:\/\/www.europesays.com\/fr\/124532\/"},"modified":"2025-05-24T12:49:18","modified_gmt":"2025-05-24T12:49:18","slug":"le-rc-toulon-blinde-3-jeunes-joueurs","status":"publish","type":"post","link":"https:\/\/www.europesays.com\/fr\/124532\/","title":{"rendered":"le RC Toulon blinde 3 jeunes joueurs"},"content":{"rendered":"<p style=\"text-align: justify;\"><strong>TRANSFERTS RUGBY \u2013 Le RC Toulon a prolong\u00e9 trois de ses jeunes joueurs, Davit Mtchedlidze, Pierre Damond et Jo\u00e9 Quere Karaba.<\/strong><\/p>\n<p style=\"text-align: justify;\">Le <strong>RC Toulon<\/strong> bichonne ses jeunes joueurs. Selon les <a href=\"https:\/\/www.varmatin.com\/rugby\/le-rc-toulon-prolonge-trois-jeunes-joueurs-davit-mtchedlidze-pierre-damond-et-joe-quere-karaba-987098?fbclid=IwY2xjawKdUMRleHRuA2FlbQIxMABicmlkETBnaFBUV3ZlRXVMMldBQlBXAR7E92pmO_QVUNRPQfkdewzp0C8skT8DLC-HWzAUG9snn7Id7s59GMZO3ORmPQ_aem_cnlIG2Kj7YQU7Qn_DDSMCA\" rel=\"nofollow noopener\" target=\"_blank\">informations de nos confr\u00e8res de Var Matin<\/a>, le club toulonnais, toujours en course pour une demi-finale directe en Top 14, n\u2019oublie pas de penser \u00e0 son avenir.<\/p>\n<p style=\"text-align: justify;\">Apr\u00e8s les premi\u00e8res officialisations de recrues, les Toulonnais ont prolong\u00e9 trois de ses jeunes joueurs. <strong>Davit Mtchedlidze, Pierre Damond<\/strong> et<strong> Jo\u00e9 Quere Karaba<\/strong>. Ce dernier est d\u2019ailleurs un \u00e9l\u00e9ment majeur de l\u2019\u00e9quipe de France U20 et a disput\u00e9 deux matchs de Top 14, pour un essai. Tandis que le pilier G\u00e9orgien de 20 ans a connu les joies de la feuille de match, lors de la 4e journ\u00e9e de Champions Cup.<\/p>\n<p>Des jeunes prometteurs<\/p>\n<p style=\"text-align: justify;\">Des jeunes prometteurs qui pourraient s\u2019inscrire dans la rotation la saison prochaine. Alors que Toulon disputera de nouveau la <strong>Champions Cup<\/strong> en plus du Top 14. Sans oublier les doublons des matchs internationaux. <strong>Pierre Damond<\/strong> \u00e9tait d\u2019ailleurs titulaire lors de la derni\u00e8re journ\u00e9e de championnat et le d\u00e9placement sur la pelouse de Pau (d\u00e9faite 25-21 pour les Varois). Voil\u00e0 des soucis en moins pour le RCT, au moment d\u2019aborder le sprint final en Top 14.<\/p>\n<p>\u00c0 lire aussi<br \/>\n<a href=\"https:\/\/dicodusport.fr\/blog\/transferts-rc-toulon-2025-arrivees-departs-et-prolongations\/\" class=\"vlp-link\" title=\"Transferts RC Toulon 2025 : Recrues, d\u00e9parts et prolongations\" rel=\"nofollow noopener\" target=\"_blank\"><img loading=\"lazy\" decoding=\"async\" style=\"max-width: 792px;\" width=\"792\" height=\"445\" class=\"attachment-800x445 size-800x445 perfmatters-lazy\" alt=\"Transferts Rugby Garry Ringrose, Mathis Fert\u00e9, Karim Ghezal, les infos du jeudi 5 d\u00e9cembre\" src=\"https:\/\/www.europesays.com\/fr\/wp-content\/uploads\/2025\/05\/Transferts-Rugby-Garry-Ringrose-Mathis-Ferte-Karim-Ghezal-les-infos-du-jeudi-5-decembre.png\"  data-\/><\/p>\n<p>Transferts RC Toulon 2025 : Recrues, d\u00e9parts et prolongations<\/p>\n<p>Arriv\u00e9es, d\u00e9parts et prolongations au RC Toulon<\/p>\n<p>Lire l&rsquo;article<\/p>\n<p>dicodusport.fr<\/p>\n","protected":false},"excerpt":{"rendered":"TRANSFERTS RUGBY \u2013 Le RC Toulon a prolong\u00e9 trois de ses jeunes joueurs, Davit Mtchedlidze, Pierre Damond et&hellip;\n","protected":false},"author":2,"featured_media":124533,"comment_status":"","ping_status":"","sticky":false,"template":"","format":"standard","meta":{"footnotes":""},"categories":[9619],"tags":[1111,11,2113,24713,1777,674,1011,27,24714,12,24715,882,8177,25,2310,477],"class_list":{"0":"post-124532","1":"post","2":"type-post","3":"status-publish","4":"format-standard","5":"has-post-thumbnail","7":"category-toulon","8":"tag-actu","9":"tag-actualites","10":"tag-breve","11":"tag-davit-mtchedlidze","12":"tag-eu","13":"tag-europe","14":"tag-fr","15":"tag-france","16":"tag-joe-quere-karaba","17":"tag-news","18":"tag-pierre-damond","19":"tag-provence-alpes-cote-dazur","20":"tag-rc-toulon","21":"tag-republique-francaise","22":"tag-toulon","23":"tag-transferts-rugby"},"share_on_mastodon":{"url":"https:\/\/pubeurope.com\/@fr\/114562896154618632","error":""},"_links":{"self":[{"href":"https:\/\/www.europesays.com\/fr\/wp-json\/wp\/v2\/posts\/124532","targetHints":{"allow":["GET"]}}],"collection":[{"href":"https:\/\/www.europesays.com\/fr\/wp-json\/wp\/v2\/posts"}],"about":[{"href":"https:\/\/www.europesays.com\/fr\/wp-json\/wp\/v2\/types\/post"}],"author":[{"embeddable":true,"href":"https:\/\/www.europesays.com\/fr\/wp-json\/wp\/v2\/users\/2"}],"replies":[{"embeddable":true,"href":"https:\/\/www.europesays.com\/fr\/wp-json\/wp\/v2\/comments?post=124532"}],"version-history":[{"count":0,"href":"https:\/\/www.europesays.com\/fr\/wp-json\/wp\/v2\/posts\/124532\/revisions"}],"wp:featuredmedia":[{"embeddable":true,"href":"https:\/\/www.europesays.com\/fr\/wp-json\/wp\/v2\/media\/124533"}],"wp:attachment":[{"href":"https:\/\/www.europesays.com\/fr\/wp-json\/wp\/v2\/media?parent=124532"}],"wp:term":[{"taxonomy":"category","embeddable":true,"href":"https:\/\/www.europesays.com\/fr\/wp-json\/wp\/v2\/categories?post=124532"},{"taxonomy":"post_tag","embeddable":true,"href":"https:\/\/www.europesays.com\/fr\/wp-json\/wp\/v2\/tags?post=124532"}],"curies":[{"name":"wp","href":"https:\/\/api.w.org\/{rel}","templated":true}]}}