{"id":12454,"date":"2025-04-09T11:08:30","date_gmt":"2025-04-09T11:08:30","guid":{"rendered":"https:\/\/www.europesays.com\/fr\/12454\/"},"modified":"2025-04-09T11:08:30","modified_gmt":"2025-04-09T11:08:30","slug":"leau-monte-dans-une-peniche-du-centre-ville-de-rennes-les-pompiers-interviennent-en-images","status":"publish","type":"post","link":"https:\/\/www.europesays.com\/fr\/12454\/","title":{"rendered":"L\u2019eau monte dans une p\u00e9niche du centre-ville de Rennes\u00a0: les pompiers interviennent [En images]"},"content":{"rendered":"<p>Il est 15 h 30, ce mardi 8 avril, quand une employ\u00e9e de la Musette fait ce constat alarmant : la cale de ce bar-p\u00e9niche, amarr\u00e9 dans le centre-ville de Rennes \u00e0 deux pas de la place de Bretagne, prend l\u2019eau. Les pompiers arrivent rapidement sur place et bouclent le secteur. L\u2019embarcation commence \u00e0 pencher sous le poids des dizaines de m\u00e8tres cubes.<\/p>\n<p>Des moyens d\u00e9partementaux sont d\u00e9ploy\u00e9s, avec notamment des \u00e9quipes de plongeurs charg\u00e9s d\u2019inspecter la coque et de v\u00e9rifier qu\u2019aucune voie d\u2019eau ne s\u2019est cr\u00e9\u00e9e, au risque de faire couler le bateau. Pour leur permettre d\u2019intervenir, la navigation sur la Vilaine est interrompue. Mais les plongeurs ne constatent aucun probl\u00e8me sur l\u2019enveloppe de l\u2019embarcation. En r\u00e9alit\u00e9, le probl\u00e8me viendrait d\u2019une pi\u00e8ce d\u00e9fectueuse sur le tuyau alimentant le bateau en eau potable, reli\u00e9 au r\u00e9seau municipal \u00e0 quai.<\/p>\n<blockquote class=\"twitter-tweet\" data-media-max-width=\"560\">\n<p lang=\"fr\" dir=\"ltr\">\u00c0 Rennes, des pompiers plongeurs sont en intervention au niveau de la p\u00e9niche bar La Musette, quai Saint Cast. De l&rsquo;eau est entr\u00e9e dans la cale du bateau. <a href=\"https:\/\/t.co\/PuO0uu9qwW\">pic.twitter.com\/PuO0uu9qwW<\/a><\/p>\n<p>\u2014 Le Mensuel de Rennes (@MensueldeRennes) <a href=\"https:\/\/twitter.com\/MensueldeRennes\/status\/1909652378942382270?ref_src=twsrc%5Etfw\" target=\"_blank\" rel=\"noopener\">April 8, 2025<\/a><\/p><\/blockquote>\n<p>Jusqu\u2019\u00e0 90 m3 dans la cale, selon les pompiers<\/p>\n<p>D\u2019apr\u00e8s les pompiers, au plus fort de l\u2019inondation, pr\u00e8s de 90 m3 d\u2019eau ont \u00e9t\u00e9 mesur\u00e9s dans la cale. Vers 19h30 h, ils sont encore sur place pour terminer le pompage. \u00ab Nous n\u2019avons pas encore \u00e9valu\u00e9 les d\u00e9g\u00e2ts sur nos stocks \u00bb, confie une salari\u00e9e, qui devait travailler ce soir avec deux autres coll\u00e8gues. Le bar reste ferm\u00e9 jusqu\u2019\u00e0 nouvel ordre.<\/p>\n<p>La Musette, tout premier bar-p\u00e9niche de Rennes, a ouvert au printemps 2022 sous l\u2019impulsion des anciens propri\u00e9taires des Grands Gamins, autre bar tr\u00e8s connu du centre-ville. Ils avaient \u00e9t\u00e9 laur\u00e9ats d\u2019un appel \u00e0 projets destin\u00e9 \u00e0 installer plusieurs commerces flottant sur la Vilaine. Mais l\u2019\u00e9tablissement avait d\u00fb fermer au bout de trois semaines seulement \u00e0 cause d\u2019une non-conformit\u00e9 administrative. Il n\u2019avait rouvert qu\u2019un an plus tard, en mai 2023.<\/p>\n<p><script async src=\"https:\/\/platform.twitter.com\/widgets.js\" charset=\"utf-8\"><\/script><\/p>\n","protected":false},"excerpt":{"rendered":"Il est 15 h 30, ce mardi 8 avril, quand une employ\u00e9e de la Musette fait ce constat&hellip;\n","protected":false},"author":2,"featured_media":12455,"comment_status":"","ping_status":"","sticky":false,"template":"","format":"standard","meta":{"footnotes":""},"categories":[2821],"tags":[1111,11,829,2033,1777,674,118,1011,27,12,584,25],"class_list":{"0":"post-12454","1":"post","2":"type-post","3":"status-publish","4":"format-standard","5":"has-post-thumbnail","7":"category-rennes","8":"tag-actu","9":"tag-actualites","10":"tag-bretagne","11":"tag-commerces-a-rennes","12":"tag-eu","13":"tag-europe","14":"tag-faits-divers","15":"tag-fr","16":"tag-france","17":"tag-news","18":"tag-rennes","19":"tag-republique-francaise"},"share_on_mastodon":{"url":"https:\/\/pubeurope.com\/@fr\/114307694873367888","error":""},"_links":{"self":[{"href":"https:\/\/www.europesays.com\/fr\/wp-json\/wp\/v2\/posts\/12454","targetHints":{"allow":["GET"]}}],"collection":[{"href":"https:\/\/www.europesays.com\/fr\/wp-json\/wp\/v2\/posts"}],"about":[{"href":"https:\/\/www.europesays.com\/fr\/wp-json\/wp\/v2\/types\/post"}],"author":[{"embeddable":true,"href":"https:\/\/www.europesays.com\/fr\/wp-json\/wp\/v2\/users\/2"}],"replies":[{"embeddable":true,"href":"https:\/\/www.europesays.com\/fr\/wp-json\/wp\/v2\/comments?post=12454"}],"version-history":[{"count":0,"href":"https:\/\/www.europesays.com\/fr\/wp-json\/wp\/v2\/posts\/12454\/revisions"}],"wp:featuredmedia":[{"embeddable":true,"href":"https:\/\/www.europesays.com\/fr\/wp-json\/wp\/v2\/media\/12455"}],"wp:attachment":[{"href":"https:\/\/www.europesays.com\/fr\/wp-json\/wp\/v2\/media?parent=12454"}],"wp:term":[{"taxonomy":"category","embeddable":true,"href":"https:\/\/www.europesays.com\/fr\/wp-json\/wp\/v2\/categories?post=12454"},{"taxonomy":"post_tag","embeddable":true,"href":"https:\/\/www.europesays.com\/fr\/wp-json\/wp\/v2\/tags?post=12454"}],"curies":[{"name":"wp","href":"https:\/\/api.w.org\/{rel}","templated":true}]}}