{"id":124542,"date":"2025-05-24T12:55:09","date_gmt":"2025-05-24T12:55:09","guid":{"rendered":"https:\/\/www.europesays.com\/fr\/124542\/"},"modified":"2025-05-24T12:55:09","modified_gmt":"2025-05-24T12:55:09","slug":"ligue-magnus-un-ancien-joueur-de-gap-arrive-la-saison-prochaine-aux-bruleurs-de-loups","status":"publish","type":"post","link":"https:\/\/www.europesays.com\/fr\/124542\/","title":{"rendered":"Ligue Magnus. Un ancien joueur de Gap arrive la saison prochaine aux Br\u00fbleurs de Loups"},"content":{"rendered":"<p>Le club de hockey sur glace grenoblois continue de dessiner les contours de son effectif en vue de la saison 2025 \u2013 2026, saison qui sera marqu\u00e9e par une participation en tant que champion de France \u00e0 la CHL, la plus prestigieuse comp\u00e9tition europ\u00e9enne sur la glace. Apr\u00e8s l\u2019international norv\u00e9gien Petter Andersen, les Br\u00fbleurs de loups viennent d\u2019attirer un autre d\u00e9fenseur, membre de l\u2019\u00e9quipe de France (18 s\u00e9lections). Il s\u2019agit d\u2019Axel Prissaint (27 ans, 1,86\u00a0m, 89\u00a0kg).<\/p>\n<p>Ce contenu est bloqu\u00e9 car vous n&rsquo;avez pas accept\u00e9 les cookies et autres traceurs.<\/p>\n<p>En cliquant sur \u00ab J\u2019accepte \u00bb, les cookies et autres traceurs seront d\u00e9pos\u00e9s et vous pourrez visualiser les contenus  (<a href=\"\" class=\"consentModule_policy\" target=\"_blank\" title=\"Consulter la politique de protection des donn\u00e9es du fournisseur\">plus d&rsquo;informations<\/a>).<\/p>\n<p>En cliquant sur \u00ab J\u2019accepte tous les cookies \u00bb, vous autorisez des d\u00e9p\u00f4ts de cookies et autres traceurs pour le stockage de vos donn\u00e9es sur nos sites et applications \u00e0 des fins de personnalisation et de ciblage publicitaire.<\/p>\n<p class=\"consentModule_secondaryText\">Vous gardez la possibilit\u00e9 de retirer votre consentement \u00e0 tout moment en consultant notre <a href=\"https:\/\/www.ledauphine.com\/protection-des-donnees\" target=\"_blank\" title=\"Consulter notre politique de protection des donn\u00e9es\" rel=\"noopener\">politique de protection des donn\u00e9es<\/a>. <br \/>&#13;<br \/>\n            <a href=\"https:\/\/www.ledauphine.com\/sport\/2025\/05\/24\/javascript:Didomi.notice.show()\" class=\"consentModule_cmp\" target=\"_blank\" rel=\"noopener\">G\u00e9rer mes choix<\/a>&#13;\n        <\/p>\n<p>&#13;<br \/>\n                        J&rsquo;accepte&#13;<br \/>\n            J&rsquo;accepte tous les cookies&#13;\n        <\/p>\n<p>N\u00e9 et form\u00e9 \u00e0 Amiens, il \u00e9galement pass\u00e9 par Gap \u00e9quipe avec laquelle il a disput\u00e9 (et perdu) une finale de Coupe de France en 2022. Avant de rejoindre Grenoble, il a pass\u00e9 trois saisons \u00e0 Bordeaux. Au total, il cumule 348 matchs de Ligue Magnus pour 16 buts et 80 assistances.<\/p>\n","protected":false},"excerpt":{"rendered":"Le club de hockey sur glace grenoblois continue de dessiner les contours de son effectif en vue de&hellip;\n","protected":false},"author":2,"featured_media":124543,"comment_status":"","ping_status":"","sticky":false,"template":"","format":"standard","meta":{"footnotes":""},"categories":[9566],"tags":[1111,11,2430,112,1777,674,1011,27,2731,4133,22848,108,10146,12,25,517],"class_list":{"0":"post-124542","1":"post","2":"type-post","3":"status-publish","4":"format-standard","5":"has-post-thumbnail","7":"category-grenoble","8":"tag-actu","9":"tag-actualites","10":"tag-auvergne-rhone-alpes","11":"tag-edition-grenoble-agglomeration","12":"tag-eu","13":"tag-europe","14":"tag-fr","15":"tag-france","16":"tag-grenoble","17":"tag-hockey-sur-glace","18":"tag-hockey-sur-glace-chamonix","19":"tag-isere","20":"tag-ligue-magnus-hockey-sur-glace","21":"tag-news","22":"tag-republique-francaise","23":"tag-sport"},"share_on_mastodon":{"url":"https:\/\/pubeurope.com\/@fr\/114562919455583564","error":""},"_links":{"self":[{"href":"https:\/\/www.europesays.com\/fr\/wp-json\/wp\/v2\/posts\/124542","targetHints":{"allow":["GET"]}}],"collection":[{"href":"https:\/\/www.europesays.com\/fr\/wp-json\/wp\/v2\/posts"}],"about":[{"href":"https:\/\/www.europesays.com\/fr\/wp-json\/wp\/v2\/types\/post"}],"author":[{"embeddable":true,"href":"https:\/\/www.europesays.com\/fr\/wp-json\/wp\/v2\/users\/2"}],"replies":[{"embeddable":true,"href":"https:\/\/www.europesays.com\/fr\/wp-json\/wp\/v2\/comments?post=124542"}],"version-history":[{"count":0,"href":"https:\/\/www.europesays.com\/fr\/wp-json\/wp\/v2\/posts\/124542\/revisions"}],"wp:featuredmedia":[{"embeddable":true,"href":"https:\/\/www.europesays.com\/fr\/wp-json\/wp\/v2\/media\/124543"}],"wp:attachment":[{"href":"https:\/\/www.europesays.com\/fr\/wp-json\/wp\/v2\/media?parent=124542"}],"wp:term":[{"taxonomy":"category","embeddable":true,"href":"https:\/\/www.europesays.com\/fr\/wp-json\/wp\/v2\/categories?post=124542"},{"taxonomy":"post_tag","embeddable":true,"href":"https:\/\/www.europesays.com\/fr\/wp-json\/wp\/v2\/tags?post=124542"}],"curies":[{"name":"wp","href":"https:\/\/api.w.org\/{rel}","templated":true}]}}