{"id":124548,"date":"2025-05-24T13:00:57","date_gmt":"2025-05-24T13:00:57","guid":{"rendered":"https:\/\/www.europesays.com\/fr\/124548\/"},"modified":"2025-05-24T13:00:57","modified_gmt":"2025-05-24T13:00:57","slug":"reseau-de-pedocriminalite-demantele-un-des-55-suspects-interpelles-sest-defenestre-pres-de-strasbourg","status":"publish","type":"post","link":"https:\/\/www.europesays.com\/fr\/124548\/","title":{"rendered":"R\u00e9seau de p\u00e9docriminalit\u00e9 d\u00e9mantel\u00e9\u00a0: un des 55 suspects interpell\u00e9s s\u2019est d\u00e9fenestr\u00e9 pr\u00e8s de Strasbourg"},"content":{"rendered":"<p>Rapha\u00ebl S., 45 ans, devait compara\u00eetre, ce vendredi apr\u00e8s-midi, devant le tribunal de Strasbourg, dans le cadre d\u2019<a href=\"https:\/\/www.letelegramme.fr\/france\/un-vaste-reseau-de-pedocriminalite-via-la-messagerie-telegram-demantele-55-hommes-interpelles-en-france-6822313.php\" target=\"_blank\" rel=\"noopener\">une op\u00e9ration contre un r\u00e9seau de p\u00e9docriminalit\u00e9<\/a>, a d\u00e9clar\u00e9 la procureure Clarisse Taron, confirmant <a href=\"https:\/\/www.dna.fr\/faits-divers-justice\/2025\/05\/23\/vaste-reseau-pedocriminel-demantele-l-eveque-gallican-mis-en-cause-s-est-defenestre\" target=\"_blank\" rel=\"noopener\">une information des Derni\u00e8res nouvelles d\u2019Alsace (DNA)<\/a>. L\u2019homme s\u2019est jet\u00e9 du troisi\u00e8me \u00e9tage d\u2019un b\u00e2timent situ\u00e9 \u00e0 Geispolsheim, une commune de la grande banlieue strasbourgeoise, a pr\u00e9cis\u00e9 son avocat, Michael Wacquez. \u00ab Son pronostic vital est engag\u00e9 \u00bb, a-t-il ajout\u00e9.<\/p>\n<p>\u00ab \u00c9v\u00eaque \u00bb de l\u2019\u00c9glise gallicane<\/p>\n<p>Le pr\u00e9venu avait \u00e9t\u00e9 interpell\u00e9, lundi, dans la commune voisine de Lingolsheim. Salari\u00e9 d\u2019un Ehpad, il est \u00e9galement \u00ab \u00e9v\u00eaque \u00bb de l\u2019\u00c9glise gallicane, une association qui se pr\u00e9sente comme chr\u00e9tienne mais qui est s\u00e9par\u00e9e de l\u2019\u00c9glise catholique et n\u2019est reconnue par aucune confession.<\/p>\n<p>Cinquante-cinq hommes ont \u00e9t\u00e9 interpell\u00e9s partout en France, entre lundi et jeudi, dans le cadre d\u2019une vaste op\u00e9ration de d\u00e9mant\u00e8lement d\u2019un r\u00e9seau de p\u00e9docriminalit\u00e9 qui \u00e9changeait sur la plateforme Telegram. Ils ont tous en commun d\u2019avoir \u00e9t\u00e9 en lien avec des p\u00e9docriminels \u00ab extr\u00eamement dangereux \u00bb, incarc\u00e9r\u00e9s depuis l\u2019\u00e9t\u00e9 dernier, a expliqu\u00e9, jeudi, le commissaire Quentin Bevan, chef du p\u00f4le op\u00e9rationnel de l\u2019Office des mineurs (Ofmin).<\/p>\n<p>Ces 55 hommes, qui ont des ant\u00e9c\u00e9dents de p\u00e9dopornographie, sont en contact avec des enfants, soit parce qu\u2019ils ont des enfants ou des petits-enfants, soit parce qu\u2019ils c\u00f4toient des enfants de par leur profession.<\/p>\n","protected":false},"excerpt":{"rendered":"Rapha\u00ebl S., 45 ans, devait compara\u00eetre, ce vendredi apr\u00e8s-midi, devant le tribunal de Strasbourg, dans le cadre d\u2019une&hellip;\n","protected":false},"author":2,"featured_media":124549,"comment_status":"","ping_status":"","sticky":false,"template":"","format":"standard","meta":{"footnotes":""},"categories":[2820],"tags":[1111,11,765,1777,674,118,1011,27,775,12,1974,25,640],"class_list":{"0":"post-124548","1":"post","2":"type-post","3":"status-publish","4":"format-standard","5":"has-post-thumbnail","7":"category-strasbourg","8":"tag-actu","9":"tag-actualites","10":"tag-en-continu","11":"tag-eu","12":"tag-europe","13":"tag-faits-divers","14":"tag-fr","15":"tag-france","16":"tag-grand-est","17":"tag-news","18":"tag-pedocriminalite","19":"tag-republique-francaise","20":"tag-strasbourg"},"share_on_mastodon":{"url":"https:\/\/pubeurope.com\/@fr\/114562943151322307","error":""},"_links":{"self":[{"href":"https:\/\/www.europesays.com\/fr\/wp-json\/wp\/v2\/posts\/124548","targetHints":{"allow":["GET"]}}],"collection":[{"href":"https:\/\/www.europesays.com\/fr\/wp-json\/wp\/v2\/posts"}],"about":[{"href":"https:\/\/www.europesays.com\/fr\/wp-json\/wp\/v2\/types\/post"}],"author":[{"embeddable":true,"href":"https:\/\/www.europesays.com\/fr\/wp-json\/wp\/v2\/users\/2"}],"replies":[{"embeddable":true,"href":"https:\/\/www.europesays.com\/fr\/wp-json\/wp\/v2\/comments?post=124548"}],"version-history":[{"count":0,"href":"https:\/\/www.europesays.com\/fr\/wp-json\/wp\/v2\/posts\/124548\/revisions"}],"wp:featuredmedia":[{"embeddable":true,"href":"https:\/\/www.europesays.com\/fr\/wp-json\/wp\/v2\/media\/124549"}],"wp:attachment":[{"href":"https:\/\/www.europesays.com\/fr\/wp-json\/wp\/v2\/media?parent=124548"}],"wp:term":[{"taxonomy":"category","embeddable":true,"href":"https:\/\/www.europesays.com\/fr\/wp-json\/wp\/v2\/categories?post=124548"},{"taxonomy":"post_tag","embeddable":true,"href":"https:\/\/www.europesays.com\/fr\/wp-json\/wp\/v2\/tags?post=124548"}],"curies":[{"name":"wp","href":"https:\/\/api.w.org\/{rel}","templated":true}]}}