{"id":124550,"date":"2025-05-24T13:02:09","date_gmt":"2025-05-24T13:02:09","guid":{"rendered":"https:\/\/www.europesays.com\/fr\/124550\/"},"modified":"2025-05-24T13:02:09","modified_gmt":"2025-05-24T13:02:09","slug":"plainte-pour-apologie-du-terrorisme-lors-dune-manif-a-nice-lun-des-organisateurs-a-ete-entendu-par-les-policiers","status":"publish","type":"post","link":"https:\/\/www.europesays.com\/fr\/124550\/","title":{"rendered":"Plainte pour apologie du terrorisme lors d\u2019une manif \u00e0 Nice: l\u2019un des organisateurs a \u00e9t\u00e9 entendu par les policiers"},"content":{"rendered":"<p>Il a quitt\u00e9 la caserne Auvare comme il y \u00e9tait entr\u00e9: libre. Jean-Claude Wahid Spach-Kamel a \u00e9t\u00e9 entendu par la police, ce jeudi apr\u00e8s-midi \u00e0 Nice. Au nom du collectif Divers-Gens, il avait d\u00e9clar\u00e9 le rassemblement \u00ab\u00a0Agir pour la paix\u00a0\u00bb, organis\u00e9 le 10 mai place Mass\u00e9na. \u00c0 ce titre, c\u2019est lui qui est nomm\u00e9ment vis\u00e9 par une plainte pour apologie du terrorisme.<\/p>\n<p><a href=\"https:\/\/www.nicematin.com\/greve-mouvements-sociaux\/apres-la-manif-propalestinienne-la-ville-de-nice-veut-deposer-plainte-pour-apologie-du-terrorisme-985259?t=1747930758\" target=\"_blank\" rel=\"noopener\">Christian Estrosi l\u2019avait annonc\u00e9 dans un post sur le r\u00e9seau X:<\/a> \u00ab\u00a0Afficher des photos d\u2019enfants morts et la photo d\u2019un terroriste d\u2019extr\u00eame gauche sur la place Massena est inexcusable, la Ville de Nice va d\u00e9poser plainte pour apologie du terrorisme.\u00a0\u00bb Le maire faisait r\u00e9f\u00e9rence aux photos chocs expos\u00e9es sur les grilles de la promenade du Paillon, et \u00e0 une affiche appelant \u00e0 lib\u00e9rer Georges Abdallah. Ce militant propalestinien libanais, reconnu coupable de complicit\u00e9 d\u2019assassinat de deux diplomates, a pass\u00e9 quarante ans en prison.<\/p>\n<p>\u00ab\u00a0On ne cautionne pas\u00a0\u00bb<\/p>\n<p>Le parquet de Nice confirme avoir re\u00e7u cette plainte, \u00ab\u00a0dont les \u00e9l\u00e9ments sont en cours d\u2019analyse\u00a0\u00bb. C\u2019est ce qui a conduit Jean-Claude Wahid Spach-Kamel devant le groupe d\u2019appui judiciaire du SLPJ (service local de police judiciaire). Assist\u00e9 de Me Valentine Ponti Simonis di Vallario, du cabinet Favard, il a d\u00e9fendu sa position: <a href=\"https:\/\/www.nicematin.com\/faits-divers\/-comment-peut-on-parler-d-apologie-du-terrorisme-pourquoi-les-propos-de-christian-estrosi-apres-des-manifs-a-nice-font-reagir-985476\" target=\"_blank\" rel=\"noopener\">cette affiche ne fait en aucun cas l\u2019apologie du terrorisme.<\/a><\/p>\n<p>\u00ab\u00a0Si on appelle \u00e0 lib\u00e9rer un individu qui a purg\u00e9 sa peine, cela ne signifie pas que l\u2019on cautionne ses actes\u00a0\u00bb, mart\u00e8le-t-il \u00e0 la sortie du commissariat. La plainte mentionnerait en outre des propos tenus par des manifestants aupr\u00e8s des policiers municipaux. Ils auraient qualifi\u00e9 les attaques du 7 octobre 2023 en Isra\u00ebl de \u00ab\u00a0goutte d\u2019eau par rapport \u00e0 la situation en Palestine\u00a0\u00bb. \u00c0 ce jour, seul Jean-Claude Wahid Spach-Kamel a \u00e9t\u00e9 entendu dans le cadre de cette enqu\u00eate pr\u00e9liminaire.<\/p>\n","protected":false},"excerpt":{"rendered":"Il a quitt\u00e9 la caserne Auvare comme il y \u00e9tait entr\u00e9: libre. Jean-Claude Wahid Spach-Kamel a \u00e9t\u00e9 entendu&hellip;\n","protected":false},"author":2,"featured_media":28418,"comment_status":"","ping_status":"","sticky":false,"template":"","format":"standard","meta":{"footnotes":""},"categories":[2819],"tags":[1111,11,1777,674,118,1011,27,303,12,2401,882,25,1254],"class_list":{"0":"post-124550","1":"post","2":"type-post","3":"status-publish","4":"format-standard","5":"has-post-thumbnail","7":"category-nice","8":"tag-actu","9":"tag-actualites","10":"tag-eu","11":"tag-europe","12":"tag-faits-divers","13":"tag-fr","14":"tag-france","15":"tag-justice","16":"tag-news","17":"tag-nice","18":"tag-provence-alpes-cote-dazur","19":"tag-republique-francaise","20":"tag-terrorisme"},"share_on_mastodon":{"url":"https:\/\/pubeurope.com\/@fr\/114562947077995098","error":""},"_links":{"self":[{"href":"https:\/\/www.europesays.com\/fr\/wp-json\/wp\/v2\/posts\/124550","targetHints":{"allow":["GET"]}}],"collection":[{"href":"https:\/\/www.europesays.com\/fr\/wp-json\/wp\/v2\/posts"}],"about":[{"href":"https:\/\/www.europesays.com\/fr\/wp-json\/wp\/v2\/types\/post"}],"author":[{"embeddable":true,"href":"https:\/\/www.europesays.com\/fr\/wp-json\/wp\/v2\/users\/2"}],"replies":[{"embeddable":true,"href":"https:\/\/www.europesays.com\/fr\/wp-json\/wp\/v2\/comments?post=124550"}],"version-history":[{"count":0,"href":"https:\/\/www.europesays.com\/fr\/wp-json\/wp\/v2\/posts\/124550\/revisions"}],"wp:featuredmedia":[{"embeddable":true,"href":"https:\/\/www.europesays.com\/fr\/wp-json\/wp\/v2\/media\/28418"}],"wp:attachment":[{"href":"https:\/\/www.europesays.com\/fr\/wp-json\/wp\/v2\/media?parent=124550"}],"wp:term":[{"taxonomy":"category","embeddable":true,"href":"https:\/\/www.europesays.com\/fr\/wp-json\/wp\/v2\/categories?post=124550"},{"taxonomy":"post_tag","embeddable":true,"href":"https:\/\/www.europesays.com\/fr\/wp-json\/wp\/v2\/tags?post=124550"}],"curies":[{"name":"wp","href":"https:\/\/api.w.org\/{rel}","templated":true}]}}