{"id":124551,"date":"2025-05-24T13:03:12","date_gmt":"2025-05-24T13:03:12","guid":{"rendered":"https:\/\/www.europesays.com\/fr\/124551\/"},"modified":"2025-05-24T13:03:12","modified_gmt":"2025-05-24T13:03:12","slug":"jefabriquemonavenir-une-ecole-de-production-a-nice-pour-apprendre-en-faisant","status":"publish","type":"post","link":"https:\/\/www.europesays.com\/fr\/124551\/","title":{"rendered":"#JeFabriqueMonAvenir : une \u00e9cole de production \u00e0 Nice pour apprendre en faisant"},"content":{"rendered":"<p>L\u2019\u00e9cole de production \u00ab\u00a0Je fabrique mon avenir\u00a0\u00bb de Nice, ouverte aux jeunes \u00e0 partir de 15 ans et qui d\u00e9livre un CAP en \u00e9lectricit\u00e9, a \u00e9t\u00e9 inaugur\u00e9e mercredi 21 mai au Campus Sud des m\u00e9tiers de la CCI Nice C\u00f4te d\u2019Azur.  Marcel Ragni, pr\u00e9sident de l\u2019UIMM C\u00f4te d\u2019Azur et Corse, avait annonc\u00e9 le lancement de cette formation pour la rentr\u00e9e 2024 il y a un an lors de l\u2019assembl\u00e9e g\u00e9n\u00e9rale de l\u2019UIMM 06. <br class=\"chapo\"\/><br \/>\nLors de l\u2019inauguration officielle, il a pr\u00e9sent\u00e9 l\u2019\u00e9cole aux Petites Affiches.<\/p>\n<p class=\"texte\"><strong>Lire aussi <\/strong>\u00a0: <a href=\"https:\/\/www.petitesaffiches.fr\/actualites,069\/economie,045\/une-nouvelle-etape-pour-la,35329.html\" rel=\"nofollow noopener\" target=\"_blank\">Une \u00ab\u00a0nouvelle \u00e9tape\u00a0\u00bb pour la formation des jeunes dans l\u2019industrie<\/a><\/p>\n","protected":false},"excerpt":{"rendered":"L\u2019\u00e9cole de production \u00ab\u00a0Je fabrique mon avenir\u00a0\u00bb de Nice, ouverte aux jeunes \u00e0 partir de 15 ans et&hellip;\n","protected":false},"author":2,"featured_media":124552,"comment_status":"","ping_status":"","sticky":false,"template":"","format":"standard","meta":{"footnotes":""},"categories":[2819],"tags":[1111,11,2408,1777,674,1011,27,12,2401,882,25],"class_list":{"0":"post-124551","1":"post","2":"type-post","3":"status-publish","4":"format-standard","5":"has-post-thumbnail","7":"category-nice","8":"tag-actu","9":"tag-actualites","10":"tag-appels-d","11":"tag-eu","12":"tag-europe","13":"tag-fr","14":"tag-france","15":"tag-news","16":"tag-nice","17":"tag-provence-alpes-cote-dazur","18":"tag-republique-francaise"},"share_on_mastodon":{"url":"https:\/\/pubeurope.com\/@fr\/114562950944578107","error":""},"_links":{"self":[{"href":"https:\/\/www.europesays.com\/fr\/wp-json\/wp\/v2\/posts\/124551","targetHints":{"allow":["GET"]}}],"collection":[{"href":"https:\/\/www.europesays.com\/fr\/wp-json\/wp\/v2\/posts"}],"about":[{"href":"https:\/\/www.europesays.com\/fr\/wp-json\/wp\/v2\/types\/post"}],"author":[{"embeddable":true,"href":"https:\/\/www.europesays.com\/fr\/wp-json\/wp\/v2\/users\/2"}],"replies":[{"embeddable":true,"href":"https:\/\/www.europesays.com\/fr\/wp-json\/wp\/v2\/comments?post=124551"}],"version-history":[{"count":0,"href":"https:\/\/www.europesays.com\/fr\/wp-json\/wp\/v2\/posts\/124551\/revisions"}],"wp:featuredmedia":[{"embeddable":true,"href":"https:\/\/www.europesays.com\/fr\/wp-json\/wp\/v2\/media\/124552"}],"wp:attachment":[{"href":"https:\/\/www.europesays.com\/fr\/wp-json\/wp\/v2\/media?parent=124551"}],"wp:term":[{"taxonomy":"category","embeddable":true,"href":"https:\/\/www.europesays.com\/fr\/wp-json\/wp\/v2\/categories?post=124551"},{"taxonomy":"post_tag","embeddable":true,"href":"https:\/\/www.europesays.com\/fr\/wp-json\/wp\/v2\/tags?post=124551"}],"curies":[{"name":"wp","href":"https:\/\/api.w.org\/{rel}","templated":true}]}}