{"id":124563,"date":"2025-05-24T13:12:14","date_gmt":"2025-05-24T13:12:14","guid":{"rendered":"https:\/\/www.europesays.com\/fr\/124563\/"},"modified":"2025-05-24T13:12:14","modified_gmt":"2025-05-24T13:12:14","slug":"pourquoi-cette-fleur-est-elle-la-star-du-sanctuaire-sainte-rita","status":"publish","type":"post","link":"https:\/\/www.europesays.com\/fr\/124563\/","title":{"rendered":"pourquoi cette fleur est-elle \u00ab la star \u00bb du sanctuaire Sainte-Rita\u00a0?"},"content":{"rendered":"<p>            Par<br \/>\n        <strong><br \/>\n            <a href=\"https:\/\/actu.fr\/auteur\/annesophie-2\" title=\"Consulter tous les articles de Anne-Sophie Hourdeaux\" rel=\"nofollow noopener\" target=\"_blank\">Anne-Sophie Hourdeaux<\/a><br \/>\n        <\/strong><\/p>\n<p>        Publi\u00e9 le<\/p>\n<p>            24 mai 2025 \u00e0 12h36        <\/p>\n<p><b>L\u2019\u00e9glise Sainte-Rita <\/b>de <a href=\"https:\/\/actu.fr\/hauts-de-france\/vendeville_59609\" rel=\"nofollow noopener\" target=\"_blank\">Vendeville<\/a>,<b> <\/b>pr\u00e8s de <a href=\"https:\/\/actu.fr\/hauts-de-france\/lille_59350\" rel=\"nofollow noopener\" target=\"_blank\">Lille<\/a>, <b>devenue \u00ab\u2009sanctuaire\u2009\u00bb en 2023,<\/b> ne d\u00e9semplit jamais. Et ce n\u2019est pas le mois de mai qui va faire dire le contraire\u2009! La cl\u00f4ture de la neuvaine annuelle a toujours lieu le 22\u00a0mai, avec <b>la traditionnelle b\u00e9n\u00e9diction des roses.<\/b> Pourquoi\u2009? <b>Que signifie cette fleur dans la d\u00e9votion <\/b>\u00e0 la sainte italienne du XVe\u00a0si\u00e8cle\u2009?<\/p>\n<p>    <img   decoding=\"async\" loading=\"lazy\" class=\"size-large\" src=\"https:\/\/www.europesays.com\/fr\/wp-content\/uploads\/2025\/05\/9ed0574b1f286a2e0574b1f28a6e05v-960x640.jpg\" alt=\"sainte rita vendeville roses\" width=\"960\" height=\"640\"\/><br \/>\n    Au moins 6 bus sont venus en p\u00e8lerinage \u00e0 Vendeville ce 22\u00a0mai, de la C\u00f4te d\u2019Opale, de Belgique\u2026 \u00a9Anne Sophie Hourdeaux\/Croix du NordUne fleur dans la neige<\/p>\n<p class=\" wall-content\">C\u2019est Josiane, tourquennoise fid\u00e8le p\u00e8lerine du lieu depuis qu\u2019elle est enfant, qui r\u00e9pond\u2009! \u00ab\u2009Je viens r\u00e9guli\u00e8rement et pas seulement \u00e0 la b\u00e9n\u00e9diction des roses. <b>Je prie souvent sainte Rita. Son symbole, c\u2019est la rose<\/b>. Sur son lit de mort, elle a demand\u00e9 \u00e0 sa tante de lui apporter une rose, mais on \u00e9tait en hiver\u2009! Elle s\u2019est rendue quand m\u00eame dans le jardin de Rita, et elle a trouv\u00e9 une fleur malgr\u00e9 la neige\u2009! J\u2019en ai les larmes aux yeux\u2026\u2009\u00bb<\/p>\n<p class=\" wall-content\">Elle offrira la rose b\u00e9nie \u00e0 sa fille. \u00ab\u2009C\u2019est une <b>d\u00e9marche de foi<\/b>, et une protection aussi\u2009\u00bb. Elle ajoute\u2009: \u00ab\u2009Une fleuriste m\u2019a dit qu\u2019une fleur b\u00e9nie dure plus longtemps\u2009!\u2009\u00bb<\/p>\n<p>    <img   decoding=\"async\" loading=\"lazy\" class=\"size-large\" src=\"https:\/\/www.europesays.com\/fr\/wp-content\/uploads\/2025\/05\/1a3d994b1f2867e3d994b1f28624d9v-960x640.jpg\" alt=\"sainte rita vendeville roses\" width=\"960\" height=\"640\"\/><br \/>\n    De tr\u00e8s nombreux p\u00e8lerins sont venus au sanctuaire Ste-Rita \u00e0 Vendeville pour faire b\u00e9nir leurs roses. \u00a9Anne Sophie Hourdeaux\/Croix du Nord<\/p>\n<p class=\" wall-content\">Certaines ont leurs astuces pour garder la rose plus longtemps\u2009: \u00ab\u2009On les fait s\u00e9cher la t\u00eate en bas\u2009!\u2009\u00bb disent Claudine et R\u00e9gine de Tournai en <a href=\"https:\/\/actu.fr\/tag\/belgique\" rel=\"nofollow noopener\" target=\"_blank\">Belgique<\/a>. \u00ab\u2009Je prie chez moi sainte Rita, j\u2019ai des personnes malades autour de moi, je viens depuis que je suis enfant\u2009\u00bb ajoute Claudine.<\/p>\n<p>    <img   decoding=\"async\" loading=\"lazy\" class=\"size-large\" src=\"https:\/\/www.europesays.com\/fr\/wp-content\/uploads\/2025\/05\/6370f94b1f286c970f94b1f288080fv-960x640.jpg\" alt=\"sainte rita vendeville roses\" width=\"960\" height=\"640\"\/><br \/>\n    L\u2019\u00e9glise \u00e9tait pleine de roses \u00e0 Vendeville. \u00a9Anne Sophie Hourdeaux\/Croix du Nord<\/p>\n<p class=\" wall-content\">Patrick est venu, avec son \u00e9pouse, d\u2019<a href=\"https:\/\/actu.fr\/hauts-de-france\/etaples_62318\" rel=\"nofollow noopener\" target=\"_blank\">\u00c9taples<\/a>. \u00ab\u2009On vient tous les ans, pour prier pour nos proches, nos d\u00e9funts. On remercie sainte Rita. <b>Je vais mettre une rose dans le caveau de mon petit-fils d\u00e9c\u00e9d\u00e9 trop t\u00f4t<\/b>. Je vais prier pour la paix dans le monde, je pense aux guerres, aux migrants qui essaient de traverser la Manche et qui en meurent\u2026\u2009\u00bb<\/p>\n<p>    <img   decoding=\"async\" loading=\"lazy\" class=\"size-large\" src=\"https:\/\/www.europesays.com\/fr\/wp-content\/uploads\/2025\/05\/7e02c94b1f286e212c94b1f28f612cv-960x640.jpg\" alt=\"sainte rita vendeville roses\" width=\"960\" height=\"640\"\/><br \/>\n    Deux fleuristes \u00e9taient install\u00e9s sur le parvis\u2009: la Rose de Cascia\u00a0\u00e0 Vendeville et Passion des fleurs \u00e0 Faches-Thumesnil. Ils avaient command\u00e9 6\u2009000 roses\u2009! \u00a9Anne Sophie Hourdeaux\/Croix du NordBernadette avec ses 2 petites-filles<\/p>\n<p class=\" wall-content\">Bernadette habite Carvin, elle vient <b>toutes les semaines au sanctuaire<\/b>, voire plus. \u00ab\u2009Je suis d\u00e9j\u00e0 venue lundi \u2013 le 19\u00a0mai \u2013, et je reviens aujourd\u2019hui\u2009! Il fallait \u00e0 tout prix que je vienne, pour prier pour mon arri\u00e8re-petit-fils, ma belle-fille\u2026\u2009\u00bb. Elle a embarqu\u00e9 ses 2 petites-filles, L\u00e9a, 16\u00a0ans et Lisa, 22\u00a0ans. \u00ab\u2009on vient tr\u00e8s souvent avec notre grand-m\u00e8re, on en a besoin pour se recueillir, prier\u2009\u00bb, disent les jeunes femmes. \u00ab\u2009C\u2019est beau qu\u2019elles viennent avec moi, j\u2019adore\u2009! Lisa va bient\u00f4t faire baptiser son fils d\u2019un an ici\u2026\u2009\u00bb<\/p>\n<p>    <img   decoding=\"async\" loading=\"lazy\" class=\"size-large\" src=\"https:\/\/www.europesays.com\/fr\/wp-content\/uploads\/2025\/05\/ccbcd94b1f286f0ccd94b1f2805ccdv-960x640.jpg\" alt=\"sainte rita vendeville roses\" width=\"960\" height=\"640\"\/><br \/>\n    B\u00e9n\u00e9diction des roses. \u00a9Anne Sophie Hourdeaux\/Croix du Nord<\/p>\n<p class=\" wall-content\">Micheline, 91\u00a0ans, est venue avec son petit-fils Cyril et sa compagne Astrid, sans oublier le cocker Lola. \u00ab\u2009Je ne suis pas loin, de <a href=\"https:\/\/actu.fr\/hauts-de-france\/croix_59163\" rel=\"nofollow noopener\" target=\"_blank\">Croix<\/a>, je ne conduis plus, alors on m\u2019accompagne. L\u2019an dernier, je suis venue avec mon fr\u00e8re\u2009; cette fois, c\u2019est mon petit-fils\u2009\u00bb. Ils ont pris plusieurs roses\u2009: <b>\u00ab\u2009J\u2019en garde une chez moi que je ferai s\u00e9cher pour qu\u2019elle dure toute l\u2019ann\u00e9e\u2009\u00bb<\/b>. Et les autres\u2009? \u00ab\u2009C\u2019est pour la famille\u2009\u00bb dit Cyril. Astrid est ravie d\u2019\u00eatre l\u00e0\u2009: elle est italienne, et sa m\u00e8re s\u2019appelle\u2026 Rita\u2009!<\/p>\n<p>    <img   decoding=\"async\" loading=\"lazy\" class=\"size-large\" src=\"https:\/\/www.europesays.com\/fr\/wp-content\/uploads\/2025\/05\/4cb6794b1f286b0c6794b1f28c4c67v-960x640.jpg\" alt=\"sainte rita vendeville roses\" width=\"960\" height=\"640\"\/><br \/>\n    Comme l\u2019\u00e9glise ne peut accueillir que 250\u00a0personnes environ, des bancs avaient \u00e9t\u00e9 install\u00e9s sur le parvis et dans une salle. \u00a9Anne Sophie Hourdeaux\/Croix du Nord6 bus<\/p>\n<p class=\" wall-content\">Pour accueillir le flux de p\u00e8lerins, plusieurs stands sont pr\u00e9sents sur le c\u00f4t\u00e9 de l\u2019\u00e9glise\u2009: deux concernent des fleuristes, la Rose de Cascia de Vendeville et Passion des Fleurs \u00e0 <a href=\"https:\/\/actu.fr\/hauts-de-france\/faches-thumesnil_59220\" rel=\"nofollow noopener\" target=\"_blank\">Faches-Thumesnil<\/a>. \u00ab\u2009On a pr\u00e9vu en tout 6\u2009000 roses aujourd\u2019hui\u2009!\u2009\u00bb signale une des fleuristes. Le sanctuaire de son c\u00f4t\u00e9 vend des bougies. Lucile est b\u00e9n\u00e9vole\u2009: \u00ab\u2009On a pr\u00e9vu 50\u00a0b\u00e9n\u00e9voles aujourd\u2019hui. 6 bus de p\u00e8lerins vont venir. Sainte Rita attire de partout\u2009! Depuis un an, on sent un regain de la foi, c\u2019est une gr\u00e2ce\u2009\u00bb.<\/p>\n<p class=\" wall-content\">Le recteur, S\u00e9bastien Roussel, explique que la rose\u00a0avec laquelle on prie au sanctuaire, \u00e0 offrir est \u00ab\u2009un signe d\u2019amiti\u00e9 envers Dieu\u2009\u00bb. Il fait remarquer aussi que \u00ab\u2009le premier miracle aux roses, c\u2019est avec sainte Rita\u2009!\u2009\u00bb<\/p>\n<p>    <img   decoding=\"async\" loading=\"lazy\" class=\"size-large\" src=\"https:\/\/www.europesays.com\/fr\/wp-content\/uploads\/2025\/05\/6cb4b84b1f28660c4b84b1f2834c4bv-960x640.jpg\" alt=\"sainte rita vendeville roses\" width=\"960\" height=\"640\"\/><br \/>\n    Bernadette, de Carvin, vient au moins une fois par semaine \u00e0 l\u2019\u00e9glise Ste-Rita, souvent avec ses 2 petites-filles de 22 et 16\u00a0ans, Lisa et L\u00e9a. \u00a9Anne Sophie Hourdeaux\/Croix du NordUne nouvelle cloche<\/p>\n<p class=\" wall-content\">Deux autres temps forts attendent le lieu\u2009: les c\u00e9l\u00e9brations du 15\u00a0Ao\u00fbt et l\u2019installation d\u2019une nouvelle cloche d\u00e9but octobre\u00a02025\u2009! Elle s\u2019appellera \u00ab\u2009Rita-Marie\u2009\u00bb. Ce sera une <b>mini-r\u00e9volution au sanctuaire<\/b>, dont on entend plus les cloches depuis 30\u00a0ans.<\/p>\n<p class=\" wall-content\">Suivez toute l\u2019actualit\u00e9 de vos villes et m\u00e9dias favoris en vous inscrivant \u00e0 <a href=\"https:\/\/moncompte.actu.fr\" title=\"D\u00e9couvez Mon Actu\" rel=\"nofollow noopener\" data-trk=\"{&quot;cta&quot;:{&quot;action&quot;:&quot;https:\\\/\\\/moncompte.actu.fr&quot;,&quot;category&quot;:&quot;mon compte&quot;,&quot;from&quot;:&quot;article footer&quot;,&quot;name&quot;:&quot;Mon actu&quot;,&quot;type&quot;:&quot;cta&quot;}}\" target=\"_blank\">Mon Actu<\/a>.<\/p>\n","protected":false},"excerpt":{"rendered":"Par Anne-Sophie Hourdeaux Publi\u00e9 le 24 mai 2025 \u00e0 12h36 L\u2019\u00e9glise Sainte-Rita de Vendeville, pr\u00e8s de Lille, devenue&hellip;\n","protected":false},"author":2,"featured_media":124564,"comment_status":"","ping_status":"","sticky":false,"template":"","format":"standard","meta":{"footnotes":""},"categories":[2815],"tags":[1111,11,1777,674,1011,27,811,1307,12,2551,4020,25,104],"class_list":{"0":"post-124563","1":"post","2":"type-post","3":"status-publish","4":"format-standard","5":"has-post-thumbnail","7":"category-lille","8":"tag-actu","9":"tag-actualites","10":"tag-eu","11":"tag-europe","12":"tag-fr","13":"tag-france","14":"tag-hauts-de-france","15":"tag-lille","16":"tag-news","17":"tag-patrimoine","18":"tag-religion","19":"tag-republique-francaise","20":"tag-societe"},"share_on_mastodon":{"url":"https:\/\/pubeurope.com\/@fr\/114562986506576631","error":""},"_links":{"self":[{"href":"https:\/\/www.europesays.com\/fr\/wp-json\/wp\/v2\/posts\/124563","targetHints":{"allow":["GET"]}}],"collection":[{"href":"https:\/\/www.europesays.com\/fr\/wp-json\/wp\/v2\/posts"}],"about":[{"href":"https:\/\/www.europesays.com\/fr\/wp-json\/wp\/v2\/types\/post"}],"author":[{"embeddable":true,"href":"https:\/\/www.europesays.com\/fr\/wp-json\/wp\/v2\/users\/2"}],"replies":[{"embeddable":true,"href":"https:\/\/www.europesays.com\/fr\/wp-json\/wp\/v2\/comments?post=124563"}],"version-history":[{"count":0,"href":"https:\/\/www.europesays.com\/fr\/wp-json\/wp\/v2\/posts\/124563\/revisions"}],"wp:featuredmedia":[{"embeddable":true,"href":"https:\/\/www.europesays.com\/fr\/wp-json\/wp\/v2\/media\/124564"}],"wp:attachment":[{"href":"https:\/\/www.europesays.com\/fr\/wp-json\/wp\/v2\/media?parent=124563"}],"wp:term":[{"taxonomy":"category","embeddable":true,"href":"https:\/\/www.europesays.com\/fr\/wp-json\/wp\/v2\/categories?post=124563"},{"taxonomy":"post_tag","embeddable":true,"href":"https:\/\/www.europesays.com\/fr\/wp-json\/wp\/v2\/tags?post=124563"}],"curies":[{"name":"wp","href":"https:\/\/api.w.org\/{rel}","templated":true}]}}