{"id":124565,"date":"2025-05-24T13:13:08","date_gmt":"2025-05-24T13:13:08","guid":{"rendered":"https:\/\/www.europesays.com\/fr\/124565\/"},"modified":"2025-05-24T13:13:08","modified_gmt":"2025-05-24T13:13:08","slug":"la-ligne-1-touchee-par-des-interruptions-en-pleine-pride","status":"publish","type":"post","link":"https:\/\/www.europesays.com\/fr\/124565\/","title":{"rendered":"la ligne 1 touch\u00e9e par des interruptions en pleine pride"},"content":{"rendered":"<p>            Par<br \/>\n        <strong><br \/>\n            <a href=\"https:\/\/actu.fr\/auteur\/nicolas-demollien\" title=\"Consulter tous les articles de Nicolas Demollien\" rel=\"nofollow noopener\" target=\"_blank\">Nicolas Demollien<\/a><br \/>\n        <\/strong><\/p>\n<p>        Publi\u00e9 le<\/p>\n<p>            24 mai 2025 \u00e0 14h59<br \/>\n        ; mis \u00e0 jour le 24 mai 2025 \u00e0 15h07    <\/p>\n<p>D\u00e9cid\u00e9ment, circuler sur la<b> ligne 1 du m\u00e9tro<\/b> <a href=\"https:\/\/actu.fr\/tag\/ilevia\" rel=\"nofollow noopener\" target=\"_blank\">Il\u00e9via<\/a> de la m\u00e9tropole de <a href=\"https:\/\/actu.fr\/hauts-de-france\/lille_59350\" rel=\"nofollow noopener\" target=\"_blank\">Lille<\/a> (Nord) ressemble de plus en plus au parcours du combattant. Apr\u00e8s une i<a href=\"https:\/\/actu.fr\/hauts-de-france\/lille_59350\/metro-de-lille-la-ligne-1-enfin-de-nouveau-en-service-apres-plusieurs-jours-darret_62651390.html\" rel=\"nofollow noopener\" target=\"_blank\">nterruption de plusieurs jours mi-mai 2025<\/a>, de <b>grosses perturbations <\/b>sont \u00e0 nouveau en cours ce samedi 24 mai 2025. Le tout en pleine <a href=\"https:\/\/actu.fr\/hauts-de-france\/lille_59350\/la-marche-des-fiertes-cest-samedi-a-lille-village-parcours-transports-ce-quil-faut-savoir_62675159.html\" rel=\"nofollow noopener\" target=\"_blank\">pride<\/a>, ce qui suscite la <b>col\u00e8re de nombreux usagers<\/b>.<\/p>\n<p>La ligne 1 du m\u00e9tro Il\u00e9via de Lille encore perturb\u00e9e ce samedi<\/p>\n<p class=\" wall-content\">Aux alentours de 13h30, les premi\u00e8res perturbations et interruptions ont \u00e9t\u00e9 constat\u00e9es entre les stations R\u00e9publique et CHU Eurasant\u00e9. Puis sur tout ou partie de la ligne. L\u2019entreprise invoquait alors un probl\u00e8me de d\u00e9faut sur une rame.<\/p>\n<p class=\" wall-content\">A l\u2019heure o\u00f9 nous bouclons ces lignes, la <b>ligne 1 est interrompue entre Fives et Villeneuve-d\u2019Ascq H\u00f4tel de Ville jusqu\u2019\u00e0 15h40<\/b>. Sur les r\u00e9seaux sociaux, de nombreux usagers confiaient devoir renoncer \u00e0 la pride de Lille faute de pouvoir se rendre en centre-ville. Notons tout de m\u00eame que des bus relais ont \u00e9t\u00e9 d\u00e9ploy\u00e9s aux alentours de 15h.<\/p>\n<p class=\" wall-content\">De quoi nourrir toujours un peu plus la col\u00e8re de ces derniers mois apr\u00e8s les perturbations li\u00e9es \u00e0 la mise en place du nouveau pilote automatique.<\/p>\n<p class=\" wall-content\">Suivez toute l\u2019actualit\u00e9 de vos villes et m\u00e9dias favoris en vous inscrivant \u00e0 <a href=\"https:\/\/moncompte.actu.fr\" title=\"D\u00e9couvez Mon Actu\" rel=\"nofollow noopener\" data-trk=\"{&quot;cta&quot;:{&quot;action&quot;:&quot;https:\\\/\\\/moncompte.actu.fr&quot;,&quot;category&quot;:&quot;mon compte&quot;,&quot;from&quot;:&quot;article footer&quot;,&quot;name&quot;:&quot;Mon actu&quot;,&quot;type&quot;:&quot;cta&quot;}}\" target=\"_blank\">Mon Actu<\/a>.<\/p>\n","protected":false},"excerpt":{"rendered":"Par Nicolas Demollien Publi\u00e9 le 24 mai 2025 \u00e0 14h59 ; mis \u00e0 jour le 24 mai 2025&hellip;\n","protected":false},"author":2,"featured_media":124566,"comment_status":"","ping_status":"","sticky":false,"template":"","format":"standard","meta":{"footnotes":""},"categories":[2815],"tags":[1111,11,1777,674,1011,27,811,4288,1307,12,25,104,2803],"class_list":{"0":"post-124565","1":"post","2":"type-post","3":"status-publish","4":"format-standard","5":"has-post-thumbnail","7":"category-lille","8":"tag-actu","9":"tag-actualites","10":"tag-eu","11":"tag-europe","12":"tag-fr","13":"tag-france","14":"tag-hauts-de-france","15":"tag-ilevia","16":"tag-lille","17":"tag-news","18":"tag-republique-francaise","19":"tag-societe","20":"tag-transport"},"share_on_mastodon":{"url":"https:\/\/pubeurope.com\/@fr\/114562990380934028","error":""},"_links":{"self":[{"href":"https:\/\/www.europesays.com\/fr\/wp-json\/wp\/v2\/posts\/124565","targetHints":{"allow":["GET"]}}],"collection":[{"href":"https:\/\/www.europesays.com\/fr\/wp-json\/wp\/v2\/posts"}],"about":[{"href":"https:\/\/www.europesays.com\/fr\/wp-json\/wp\/v2\/types\/post"}],"author":[{"embeddable":true,"href":"https:\/\/www.europesays.com\/fr\/wp-json\/wp\/v2\/users\/2"}],"replies":[{"embeddable":true,"href":"https:\/\/www.europesays.com\/fr\/wp-json\/wp\/v2\/comments?post=124565"}],"version-history":[{"count":0,"href":"https:\/\/www.europesays.com\/fr\/wp-json\/wp\/v2\/posts\/124565\/revisions"}],"wp:featuredmedia":[{"embeddable":true,"href":"https:\/\/www.europesays.com\/fr\/wp-json\/wp\/v2\/media\/124566"}],"wp:attachment":[{"href":"https:\/\/www.europesays.com\/fr\/wp-json\/wp\/v2\/media?parent=124565"}],"wp:term":[{"taxonomy":"category","embeddable":true,"href":"https:\/\/www.europesays.com\/fr\/wp-json\/wp\/v2\/categories?post=124565"},{"taxonomy":"post_tag","embeddable":true,"href":"https:\/\/www.europesays.com\/fr\/wp-json\/wp\/v2\/tags?post=124565"}],"curies":[{"name":"wp","href":"https:\/\/api.w.org\/{rel}","templated":true}]}}