{"id":124567,"date":"2025-05-24T13:14:11","date_gmt":"2025-05-24T13:14:11","guid":{"rendered":"https:\/\/www.europesays.com\/fr\/124567\/"},"modified":"2025-05-24T13:14:11","modified_gmt":"2025-05-24T13:14:11","slug":"vaucluse-un-homme-tombe-dune-echelle-il-est-transporte-a-lhopital-nord-de-marseille","status":"publish","type":"post","link":"https:\/\/www.europesays.com\/fr\/124567\/","title":{"rendered":"Vaucluse. Un homme tombe d\u2019une \u00e9chelle, il est transport\u00e9 \u00e0 l\u2019h\u00f4pital Nord de Marseille"},"content":{"rendered":"<p>Ce vendredi 23\u00a0mai vers 10 heures, les sapeurs-pompiers de <a href=\"https:\/\/www.ledauphine.com\/sport\/2025\/05\/22\/le-hand-fauteuil-au-coeur-des-actions-du-handball-club-valreas\" target=\"_blank\" rel=\"noopener\">Valr\u00e9as<\/a> sont intervenus pour porter secours \u00e0 un homme qui venait de faire une chute de trois m\u00e8tres, du haut de son \u00e9chelle sur laquelle il \u00e9tait en train de travailler.\u00a0<\/p>\n<p>Vu la gravit\u00e9 des blessures, les services de secours ont d\u00e9cid\u00e9 de l\u2019emmener \u00e0 l\u2019h\u00f4pital Nord de Marseille. C\u2019est l\u2019h\u00e9licopt\u00e8re du Samu qui a assur\u00e9 le transport.<\/p>\n","protected":false},"excerpt":{"rendered":"Ce vendredi 23\u00a0mai vers 10 heures, les sapeurs-pompiers de Valr\u00e9as sont intervenus pour porter secours \u00e0 un homme&hellip;\n","protected":false},"author":2,"featured_media":124568,"comment_status":"","ping_status":"","sticky":false,"template":"","format":"standard","meta":{"footnotes":""},"categories":[2814],"tags":[1111,11,271,272,3859,1777,674,274,1011,27,24717,884,12,882,25,24716,4520],"class_list":{"0":"post-124567","1":"post","2":"type-post","3":"status-publish","4":"format-standard","5":"has-post-thumbnail","7":"category-marseille","8":"tag-actu","9":"tag-actualites","10":"tag-crime","11":"tag-delit-et-contravention","12":"tag-edition-provencale","13":"tag-eu","14":"tag-europe","15":"tag-faits-divers-justice","16":"tag-fr","17":"tag-france","18":"tag-haut-vaucluse","19":"tag-marseille","20":"tag-news","21":"tag-provence-alpes-cote-dazur","22":"tag-republique-francaise","23":"tag-valreas","24":"tag-vaucluse"},"share_on_mastodon":{"url":"https:\/\/pubeurope.com\/@fr\/114562994227781874","error":""},"_links":{"self":[{"href":"https:\/\/www.europesays.com\/fr\/wp-json\/wp\/v2\/posts\/124567","targetHints":{"allow":["GET"]}}],"collection":[{"href":"https:\/\/www.europesays.com\/fr\/wp-json\/wp\/v2\/posts"}],"about":[{"href":"https:\/\/www.europesays.com\/fr\/wp-json\/wp\/v2\/types\/post"}],"author":[{"embeddable":true,"href":"https:\/\/www.europesays.com\/fr\/wp-json\/wp\/v2\/users\/2"}],"replies":[{"embeddable":true,"href":"https:\/\/www.europesays.com\/fr\/wp-json\/wp\/v2\/comments?post=124567"}],"version-history":[{"count":0,"href":"https:\/\/www.europesays.com\/fr\/wp-json\/wp\/v2\/posts\/124567\/revisions"}],"wp:featuredmedia":[{"embeddable":true,"href":"https:\/\/www.europesays.com\/fr\/wp-json\/wp\/v2\/media\/124568"}],"wp:attachment":[{"href":"https:\/\/www.europesays.com\/fr\/wp-json\/wp\/v2\/media?parent=124567"}],"wp:term":[{"taxonomy":"category","embeddable":true,"href":"https:\/\/www.europesays.com\/fr\/wp-json\/wp\/v2\/categories?post=124567"},{"taxonomy":"post_tag","embeddable":true,"href":"https:\/\/www.europesays.com\/fr\/wp-json\/wp\/v2\/tags?post=124567"}],"curies":[{"name":"wp","href":"https:\/\/api.w.org\/{rel}","templated":true}]}}