{"id":124569,"date":"2025-05-24T13:15:13","date_gmt":"2025-05-24T13:15:13","guid":{"rendered":"https:\/\/www.europesays.com\/fr\/124569\/"},"modified":"2025-05-24T13:15:13","modified_gmt":"2025-05-24T13:15:13","slug":"jul-un-phenomene-made-in-marseille-journal-de-13-heures","status":"publish","type":"post","link":"https:\/\/www.europesays.com\/fr\/124569\/","title":{"rendered":"Jul : un ph\u00e9nom\u00e8ne made in Marseille &#8211; Journal de 13 heures"},"content":{"rendered":"<p id=\"descriptionPanel\" aria-labelledby=\"descriptionArrow\" aria-expanded=\"false\" class=\"mr-2 line-clamp-2 pr-2.5 text-secondary overflow-visible\">Marseille a succomb\u00e9 \u00e0 la fi\u00e8vre du ph\u00e9nom\u00e8ne Jul. Vendredi soir, au V\u00e9lodrome, il a battu le record de fr\u00e9quentation du stade. Tous ses concerts se jouent \u00e0 guichets ferm\u00e9s. Jul, dont les initiales sont devenues le signe de ralliement de millions de fans, peut se targuer d&rsquo;\u00eatre le plus gros vendeur de disques de l&rsquo;histoire du rap fran\u00e7ais. \u00c0 35 ans, issu d&rsquo;un quartier populaire marseillais, il est devenu un ph\u00e9nom\u00e8ne de soci\u00e9t\u00e9. L&rsquo;ouverture de sa boutique \u00e9ph\u00e9m\u00e8re a m\u00eame cr\u00e9\u00e9 des embouteillages. <\/p>\n<p>TF1 | Reportage M. FALAIZEAU, M. JIT, E. MOURIZ-BOUTILLY\n<\/p>\n<p><a class=\"shrink-0\" href=\"https:\/\/www.tf1.fr\/fr-lu\/tf1\/jt-13h\" target=\"_blank\" rel=\"noopener\"><img decoding=\"async\" src=\"https:\/\/www.europesays.com\/fr\/wp-content\/uploads\/2025\/05\/vignette-portrait-jt-13h-marie-sophie-lacarrau_2021-98c6fe-2e7584-0@1x.jpg\" width=\"138\" height=\"184\" alt=\"\" loading=\"eager\" fetchpriority=\"auto\" class=\"aspect-[3\/4] h-24 w-auto rounded-3px\" aria-hidden=\"true\"\/><\/a><\/p>\n","protected":false},"excerpt":{"rendered":"Marseille a succomb\u00e9 \u00e0 la fi\u00e8vre du ph\u00e9nom\u00e8ne Jul. Vendredi soir, au V\u00e9lodrome, il a battu le record&hellip;\n","protected":false},"author":2,"featured_media":124570,"comment_status":"","ping_status":"","sticky":false,"template":"","format":"standard","meta":{"footnotes":""},"categories":[2814],"tags":[1111,11,1777,674,3483,3484,1011,27,3486,3485,884,12,882,25,3488,3489,3487],"class_list":{"0":"post-124569","1":"post","2":"type-post","3":"status-publish","4":"format-standard","5":"has-post-thumbnail","7":"category-marseille","8":"tag-actu","9":"tag-actualites","10":"tag-eu","11":"tag-europe","12":"tag-extrait","13":"tag-extrait-journal-de-13-heures","14":"tag-fr","15":"tag-france","16":"tag-journal-de-13-heures","17":"tag-journal-de-13-heures-extrait","18":"tag-marseille","19":"tag-news","20":"tag-provence-alpes-cote-dazur","21":"tag-republique-francaise","22":"tag-streaming-journal-de-13-heures","23":"tag-video-en-streaming-journal-de-13-heures","24":"tag-video-journal-de-13-heures"},"share_on_mastodon":{"url":"https:\/\/pubeurope.com\/@fr\/114562998141584062","error":""},"_links":{"self":[{"href":"https:\/\/www.europesays.com\/fr\/wp-json\/wp\/v2\/posts\/124569","targetHints":{"allow":["GET"]}}],"collection":[{"href":"https:\/\/www.europesays.com\/fr\/wp-json\/wp\/v2\/posts"}],"about":[{"href":"https:\/\/www.europesays.com\/fr\/wp-json\/wp\/v2\/types\/post"}],"author":[{"embeddable":true,"href":"https:\/\/www.europesays.com\/fr\/wp-json\/wp\/v2\/users\/2"}],"replies":[{"embeddable":true,"href":"https:\/\/www.europesays.com\/fr\/wp-json\/wp\/v2\/comments?post=124569"}],"version-history":[{"count":0,"href":"https:\/\/www.europesays.com\/fr\/wp-json\/wp\/v2\/posts\/124569\/revisions"}],"wp:featuredmedia":[{"embeddable":true,"href":"https:\/\/www.europesays.com\/fr\/wp-json\/wp\/v2\/media\/124570"}],"wp:attachment":[{"href":"https:\/\/www.europesays.com\/fr\/wp-json\/wp\/v2\/media?parent=124569"}],"wp:term":[{"taxonomy":"category","embeddable":true,"href":"https:\/\/www.europesays.com\/fr\/wp-json\/wp\/v2\/categories?post=124569"},{"taxonomy":"post_tag","embeddable":true,"href":"https:\/\/www.europesays.com\/fr\/wp-json\/wp\/v2\/tags?post=124569"}],"curies":[{"name":"wp","href":"https:\/\/api.w.org\/{rel}","templated":true}]}}