{"id":124579,"date":"2025-05-24T13:21:09","date_gmt":"2025-05-24T13:21:09","guid":{"rendered":"https:\/\/www.europesays.com\/fr\/124579\/"},"modified":"2025-05-24T13:21:09","modified_gmt":"2025-05-24T13:21:09","slug":"10-corso-como-celebre-la-creativite-via-une-exposition-concue-par-spring-studios-a-paris-et-a-milan","status":"publish","type":"post","link":"https:\/\/www.europesays.com\/fr\/124579\/","title":{"rendered":"10 Corso Como c\u00e9l\u00e8bre la cr\u00e9ativit\u00e9 via une exposition con\u00e7ue par Spring Studios \u00e0 Paris et \u00e0 Milan"},"content":{"rendered":"<p class=\"article-content col-md-8 offset-md-1\">\n                                Spring Studios s&rsquo;est associ\u00e9e au\u00a0concept store 10 <a class=\"fnwAddLinks\" href=\"https:\/\/tn.fashionnetwork.com\/tags-corso-como\" title=\"Corso Como\" target=\"_blank\" rel=\"noopener\">Corso Como<\/a> et \u00e0\u00a0<a class=\"fnwAddLinks\" href=\"https:\/\/tn.fashionnetwork.com\/tags-lvmh\" title=\"LVMH\" target=\"_blank\" rel=\"noopener\">LVMH<\/a> M\u00e9tiers d\u2019Art pour c\u00e9l\u00e9brer la cr\u00e9ativit\u00e9 contemporaine \u00e0 travers une exposition itin\u00e9rante. L\u2019agence cr\u00e9ative a lanc\u00e9 l\u2019an dernier le projet \u00e9ditorial ODE pour \u00ab\u00a0d\u00e9couvrir et soutenir la prochaine vague de cr\u00e9ateurs disruptifs\u00a0\u00bb. Cette deuxi\u00e8me \u00e9dition intitul\u00e9e \u00ab\u00a0ODE to Wonder\u00a0\u00bb met en avant le travail de 25 talents \u00e0 travers une exposition visible jusqu\u2019au 28 mai au si\u00e8ge de LVMH M\u00e9tiers d\u2019Art, au 69, rue R\u00e9aumur \u00e0 Paris, puis du 29 mai au 4 juin \u00e0 l\u2019adresse milanaise de l\u2019enseigne.<\/p>\n<p><img decoding=\"async\" class=\"news-image\" style=\"width:100%;max-width:730px;\" src=\"https:\/\/www.europesays.com\/fr\/wp-content\/uploads\/2025\/05\/80d0.jpeg\" alt=\"Le photographe Davide Santinelli participe au projet cette ann\u00e9e\" loading=\"lazy\"\/>Le photographe Davide Santinelli participe au projet cette ann\u00e9e &#8211; Davide Santinelli ODE<\/p>\n<p class=\"col-md-8 offset-md-1 article-content--texte\">L\u2019exposition pr\u00e9sente les \u0153uvres de ces 25 artistes issus de tous les horizons, parmi lesquels figurent la styliste ukrainienne Julie Pelipas, sa compatriote Elizaveta Litovka connue pour ses chaussures sculptures, le photographe de mode Woody Bos, l\u2019actrice r\u00e9alisatrice de Montr\u00e9al Coco Baudelle, l\u2019artiste chinoise Shuo Hao ou encore les photographes fran\u00e7ais Alex Dob\u00e9 et italien Davide Santinelli.<\/p>\n<p>A travers le th\u00e8me \u00ab\u00a0ODE to Wonder\u00a0\u00bb ax\u00e9 sur \u00ab\u00a0magie, myst\u00e8re et curiosit\u00e9 illimit\u00e9e\u00a0\u00bb, \u00ab\u00a0l\u2019exposition met en lumi\u00e8re aussi bien la libert\u00e9 cr\u00e9ative des talents que leurs collaborations avec des marques prestigieuses telles que <a class=\"fnwAddLinks\" href=\"https:\/\/tn.fashionnetwork.com\/tags-marni\" title=\"Marni\" target=\"_blank\" rel=\"noopener\">Marni<\/a> et <a class=\"fnwAddLinks\" href=\"https:\/\/tn.fashionnetwork.com\/tags-sunnei\" title=\"Sunnei\" target=\"_blank\" rel=\"noopener\">Sunnei<\/a>, offrant une vision contemporaine de la merveille et de l\u2019innovation\u00a0\u00bb, souligne un communiqu\u00e9.<\/p>\n<p class=\"col-md-8 offset-md-1 article-content--texte\">ODE se veut un mouvement culturel et un incubateur de talents cr\u00e9atifs pour promouvoir l&rsquo;ind\u00e9pendance cr\u00e9ative et soutenir les talents \u00e9mergents les plus visionnaires. La plateforme, en constante \u00e9volution, se manifeste \u00e0 travers une publication annuelle, des \u00e9v\u00e9nements et des collaborations, organisant du contenu \u00e9ditorial, des interviews et des histoires visuelles entre la photographie, la mode et l&rsquo;art.\n                            <\/p>\n<p>\n                                Tous droits de reproduction et de repr\u00e9sentation r\u00e9serv\u00e9s.<br \/>\u00a9 2025 FashionNetwork.com\n                            <\/p>\n","protected":false},"excerpt":{"rendered":"Spring Studios s&rsquo;est associ\u00e9e au\u00a0concept store 10 Corso Como et \u00e0\u00a0LVMH M\u00e9tiers d\u2019Art pour c\u00e9l\u00e9brer la cr\u00e9ativit\u00e9 contemporaine&hellip;\n","protected":false},"author":2,"featured_media":124580,"comment_status":"","ping_status":"","sticky":false,"template":"","format":"standard","meta":{"footnotes":""},"categories":[1888],"tags":[1111,1928,11,1927,2424,537,24719,2423,1777,674,1011,27,2425,7484,24718,985,12,1926,2298,626,1925,2426,2427,25,2421,24720,2422],"class_list":{"0":"post-124579","1":"post","2":"type-post","3":"status-publish","4":"format-standard","5":"has-post-thumbnail","7":"category-paris","8":"tag-actu","9":"tag-actu-paris","10":"tag-actualites","11":"tag-actualites-paris","12":"tag-beaute","13":"tag-contact","14":"tag-corso-como","15":"tag-cosmetiques","16":"tag-eu","17":"tag-europe","18":"tag-fr","19":"tag-france","20":"tag-luxe","21":"tag-lvmh","22":"tag-marni","23":"tag-mode","24":"tag-news","25":"tag-news-paris","26":"tag-parfum","27":"tag-paris","28":"tag-paris-news","29":"tag-professionnel","30":"tag-professionnels","31":"tag-republique-francaise","32":"tag-reseau","33":"tag-sunnei","34":"tag-textile"},"share_on_mastodon":{"url":"https:\/\/pubeurope.com\/@fr\/114563021810094272","error":""},"_links":{"self":[{"href":"https:\/\/www.europesays.com\/fr\/wp-json\/wp\/v2\/posts\/124579","targetHints":{"allow":["GET"]}}],"collection":[{"href":"https:\/\/www.europesays.com\/fr\/wp-json\/wp\/v2\/posts"}],"about":[{"href":"https:\/\/www.europesays.com\/fr\/wp-json\/wp\/v2\/types\/post"}],"author":[{"embeddable":true,"href":"https:\/\/www.europesays.com\/fr\/wp-json\/wp\/v2\/users\/2"}],"replies":[{"embeddable":true,"href":"https:\/\/www.europesays.com\/fr\/wp-json\/wp\/v2\/comments?post=124579"}],"version-history":[{"count":0,"href":"https:\/\/www.europesays.com\/fr\/wp-json\/wp\/v2\/posts\/124579\/revisions"}],"wp:featuredmedia":[{"embeddable":true,"href":"https:\/\/www.europesays.com\/fr\/wp-json\/wp\/v2\/media\/124580"}],"wp:attachment":[{"href":"https:\/\/www.europesays.com\/fr\/wp-json\/wp\/v2\/media?parent=124579"}],"wp:term":[{"taxonomy":"category","embeddable":true,"href":"https:\/\/www.europesays.com\/fr\/wp-json\/wp\/v2\/categories?post=124579"},{"taxonomy":"post_tag","embeddable":true,"href":"https:\/\/www.europesays.com\/fr\/wp-json\/wp\/v2\/tags?post=124579"}],"curies":[{"name":"wp","href":"https:\/\/api.w.org\/{rel}","templated":true}]}}