{"id":124581,"date":"2025-05-24T13:22:07","date_gmt":"2025-05-24T13:22:07","guid":{"rendered":"https:\/\/www.europesays.com\/fr\/124581\/"},"modified":"2025-05-24T13:22:07","modified_gmt":"2025-05-24T13:22:07","slug":"200-agriculteurs-vont-manifester-a-paris-lundi-avec-quelques-tracteurs","status":"publish","type":"post","link":"https:\/\/www.europesays.com\/fr\/124581\/","title":{"rendered":"200 agriculteurs vont manifester \u00e0 Paris lundi avec \u00ab\u00a0quelques tracteurs\u00a0\u00bb"},"content":{"rendered":"<p>            Par<br \/>\n        <strong><br \/>\n            <a href=\"https:\/\/actu.fr\/auteur\/thomas-martin\" title=\"Consulter tous les articles de Thomas Martin\" rel=\"nofollow noopener\" target=\"_blank\">Thomas Martin<\/a><br \/>\n        <\/strong><\/p>\n<p>        Publi\u00e9 le<\/p>\n<p>            24 mai 2025 \u00e0 14h06        <\/p>\n<p>Ce mois de mai qui a souvent agit\u00e9 la France et notamment Paris va se poursuivre par des <a href=\"https:\/\/actu.fr\/tag\/manifestations\" rel=\"nofollow noopener\" target=\"_blank\">manifestations<\/a>. Apr\u00e8s les taxis, ce sont les agriculteurs\u00a0 qui vont manifester dans la capitale. Lundi 26 mai 2025, quelque 200 agriculteurs devraient se retrouver devant <a href=\"https:\/\/actu.fr\/tag\/assemblee-nationale\" rel=\"nofollow noopener\" target=\"_blank\">l\u2019Assembl\u00e9e nationale<\/a>, o\u00f9 doit d\u00e9buter l\u2019examen de la proposition de loi visant \u00e0 \u00ab\u00a0lever les contraintes\u00a0\u00bb pour leur profession et favorisant l\u2019acc\u00e8s \u00e0 des pesticides, \u00e0 l\u2019appel de la FNSEA et des Jeunes agriculteurs (JA).<\/p>\n<p>Les agriculteurs d\u00e9noncent un \u00ab\u00a0m\u00e9pris profond\u00a0\u00bb<\/p>\n<p class=\" wall-content\">\u00ab\u00a0D\u00e8s lundi matin, JA et la FNSEA seront devant l\u2019Assembl\u00e9e nationale\u00a0\u00bb pour \u00ab\u00a0exprimer le refus\u00a0\u00bb \u00a0de ce qu\u2019ils consid\u00e8rent comme une tentative d&rsquo;\u00a0\u00bbobstruction\u00a0\u00bb du texte par les d\u00e9put\u00e9s LFI et Ecologistes, lesquels ont d\u00e9pos\u00e9 des centaines d\u2019amendements, indiquent les syndicats samedi dans un communiqu\u00e9.<\/p>\n<p class=\" wall-content\">\u00ab\u00a0Malheureusement, il est aujourd\u2019hui quasiment certain que la discussion de ce texte n\u2019arrivera jamais \u00e0 son terme\u00a0\u00bb, craignent la FNSEA et les JA, pour qui il y a \u00ab\u00a0atteinte au d\u00e9bat d\u00e9mocratique\u00a0\u00bb et \u00ab\u00a0un m\u00e9pris profond\u00a0\u00bb pour les agriculteurs.<\/p>\n<p class=\" wall-content\">Environ 1 500 amendements ont \u00e9t\u00e9 d\u00e9pos\u00e9s par les \u00e9cologistes et 800 par les insoumis, sur les 3 500 d\u00e9pos\u00e9s, ce qui a incit\u00e9 les d\u00e9put\u00e9s favorables au texte \u00e0 d\u00e9poser une motion de rejet pour contourner ce \u00ab\u00a0mur d\u2019amendements\u00a0\u00bb, a appris l\u2019AFP samedi de sources parlementaires.<\/p>\n<p class=\" wall-content\">Lundi, la FNSEA pr\u00e9voit de faire monter quelques tracteurs \u00e0 Paris, \u00ab\u00a0entre 150 et 200 agriculteurs, des repr\u00e9sentations des r\u00e9gions\u00a0\u00bb, selon son pr\u00e9sident Arnaud Rousseau.<br \/>Ils seront l\u00e0 \u00ab\u00a0pour dire aux d\u00e9put\u00e9s, (\u2026) vous \u00eates en train de si\u00e9ger \u00e0 l\u2019Assembl\u00e9e, on est l\u00e0 \u00e0 c\u00f4t\u00e9 pour continuer \u00e0 porter l\u2019ambition de ce texte et faire en sorte que personne ne se m\u00e9prenne sur la volont\u00e9 qui est la n\u00f4tre de le voir aboutir\u00a0\u00bb, a-t-il d\u00e9clar\u00e9 dans une interview \u00e0 <a href=\"https:\/\/www.midilibre.fr\/2025\/05\/24\/mobilisation-des-agriculteurs-blocages-dautoroutes-operations-escargots-le-patron-de-la-fnsea-arnaud-rousseau-explique-ce-qui-nous-attend-12714882.php\" rel=\"nofollow noopener\" target=\"_blank\">Midi libre<\/a>.<\/p>\n<p>Vid\u00e9os : en ce moment sur Actu<\/p>\n<p class=\" wall-content\">La manifestation sera \u00ab\u00a0encadr\u00e9e, parce qu\u2019on ne veut pas de d\u00e9rapages\u00a0\u00bb, a-t-il ajout\u00e9, pr\u00e9voyant parall\u00e8lement \u00ab\u00a0plusieurs milliers d\u2019agriculteurs mobilis\u00e9s en r\u00e9gion, o\u00f9 les f\u00e9d\u00e9rations d\u00e9partementales, \u00e0 leur initiative, ont d\u00e9j\u00e0 entrepris des actions ces derniers jours\u00a0\u00bb.<\/p>\n<p>Un texte \u00ab\u00a0vital\u00a0\u00bb pour la FNSEA<\/p>\n<p class=\" wall-content\">Le texte est consid\u00e9r\u00e9 comme \u00ab\u00a0vital\u00a0\u00bb par la FNSEA car il r\u00e9pond, selon le syndicat, aux attentes des exploitants apr\u00e8s la crise de l\u2019an dernier. Mais il a fait l\u2019objet, selon le syndicat, d\u2019un \u00ab\u00a0d\u00e9tricotage\u00a0\u00bb en commission : devant la commission du D\u00e9veloppement durable, la proposition a subi un important revers, avec la suppression d\u2019un article ouvrant la voie \u00e0 des d\u00e9rogations environnementales pour certains projets de pr\u00e9l\u00e8vements et stockage d\u2019eau.<br \/>\u00ab\u00a0Il est, pour nous, essentiel de revenir sur les amendements qui ont \u00e9t\u00e9 valid\u00e9s en commission du d\u00e9veloppement durable\u00a0\u00bb, a r\u00e9it\u00e9r\u00e9 M. Rousseau dans Midi Libre.<\/p>\n<p class=\" wall-content\"><strong>Avec AFP<\/strong><\/p>\n<p class=\" wall-content\">Suivez toute l\u2019actualit\u00e9 de vos villes et m\u00e9dias favoris en vous inscrivant \u00e0 <a href=\"https:\/\/moncompte.actu.fr\" title=\"D\u00e9couvez Mon Actu\" rel=\"nofollow noopener\" data-trk=\"{&quot;cta&quot;:{&quot;action&quot;:&quot;https:\\\/\\\/moncompte.actu.fr&quot;,&quot;category&quot;:&quot;mon compte&quot;,&quot;from&quot;:&quot;article footer&quot;,&quot;name&quot;:&quot;Mon actu&quot;,&quot;type&quot;:&quot;cta&quot;}}\" target=\"_blank\">Mon Actu<\/a>.<\/p>\n","protected":false},"excerpt":{"rendered":"Par Thomas Martin Publi\u00e9 le 24 mai 2025 \u00e0 14h06 Ce mois de mai qui a souvent agit\u00e9&hellip;\n","protected":false},"author":2,"featured_media":124582,"comment_status":"","ping_status":"","sticky":false,"template":"","format":"standard","meta":{"footnotes":""},"categories":[1888],"tags":[11,327,416,1777,674,1011,27,1272,12,626,25,104],"class_list":{"0":"post-124581","1":"post","2":"type-post","3":"status-publish","4":"format-standard","5":"has-post-thumbnail","7":"category-paris","8":"tag-actualites","9":"tag-agriculture","10":"tag-assemblee-nationale","11":"tag-eu","12":"tag-europe","13":"tag-fr","14":"tag-france","15":"tag-manifestations","16":"tag-news","17":"tag-paris","18":"tag-republique-francaise","19":"tag-societe"},"share_on_mastodon":{"url":"https:\/\/pubeurope.com\/@fr\/114563025694266355","error":""},"_links":{"self":[{"href":"https:\/\/www.europesays.com\/fr\/wp-json\/wp\/v2\/posts\/124581","targetHints":{"allow":["GET"]}}],"collection":[{"href":"https:\/\/www.europesays.com\/fr\/wp-json\/wp\/v2\/posts"}],"about":[{"href":"https:\/\/www.europesays.com\/fr\/wp-json\/wp\/v2\/types\/post"}],"author":[{"embeddable":true,"href":"https:\/\/www.europesays.com\/fr\/wp-json\/wp\/v2\/users\/2"}],"replies":[{"embeddable":true,"href":"https:\/\/www.europesays.com\/fr\/wp-json\/wp\/v2\/comments?post=124581"}],"version-history":[{"count":0,"href":"https:\/\/www.europesays.com\/fr\/wp-json\/wp\/v2\/posts\/124581\/revisions"}],"wp:featuredmedia":[{"embeddable":true,"href":"https:\/\/www.europesays.com\/fr\/wp-json\/wp\/v2\/media\/124582"}],"wp:attachment":[{"href":"https:\/\/www.europesays.com\/fr\/wp-json\/wp\/v2\/media?parent=124581"}],"wp:term":[{"taxonomy":"category","embeddable":true,"href":"https:\/\/www.europesays.com\/fr\/wp-json\/wp\/v2\/categories?post=124581"},{"taxonomy":"post_tag","embeddable":true,"href":"https:\/\/www.europesays.com\/fr\/wp-json\/wp\/v2\/tags?post=124581"}],"curies":[{"name":"wp","href":"https:\/\/api.w.org\/{rel}","templated":true}]}}