{"id":124585,"date":"2025-05-24T13:24:09","date_gmt":"2025-05-24T13:24:09","guid":{"rendered":"https:\/\/www.europesays.com\/fr\/124585\/"},"modified":"2025-05-24T13:24:09","modified_gmt":"2025-05-24T13:24:09","slug":"russie-une-femme-de-84-ans-condamnee-pour-ses-prises-de-position-contre-la-guerre-en-ukraine-linfo-re","status":"publish","type":"post","link":"https:\/\/www.europesays.com\/fr\/124585\/","title":{"rendered":"Russie : une femme de 84 ans condamn\u00e9e pour ses prises de position contre la guerre en Ukraine &#8211; LINFO.re"},"content":{"rendered":"<p>Le vendredi 23 mai, une femme de 84 ans a \u00e9cop\u00e9 d\u2019une amende de 10 000 roubles (environ 110 euros) pour avoir tenu des propos jug\u00e9s diffamatoires envers l\u2019arm\u00e9e russe.<\/p>\n<p>\t\t\t\t\t\t<strong>Lioudmila Vassilieva<\/strong><\/p>\n<p>Le 23 mai, un tribunal de Saint-P\u00e9tersbourg a condamn\u00e9 <strong>Lioudmila Vassilieva<\/strong>, \u00e2g\u00e9e de 84 ans, \u00e0 une amende de 10 000 roubles (environ 110 euros). Survivante du si\u00e8ge de Leningrad, elle avait manifest\u00e9 pacifiquement en f\u00e9vrier, tenant une feuille au message pacifiste durant une heure dans une rue enneig\u00e9e. La justice russe a estim\u00e9 qu\u2019elle portait atteinte \u00e0 l\u2019image de l\u2019arm\u00e9e. Elle encourait une sanction allant jusqu\u2019\u00e0 50 000 roubles. De nombreux soutiens se sont d\u00e9plac\u00e9s au tribunal, r\u00e9citant des po\u00e8mes. Bien qu\u2019ils n\u2019aient pu assister \u00e0 l\u2019audience, plusieurs sont rest\u00e9s dans le b\u00e2timent pour l\u2019accueillir \u00e0 sa sortie, relaie TF1Info.<\/p>\n<p>&gt; \u00c0 lire aussi\u00a0: <a href=\"https:\/\/www.linfo.re\/monde\/europe\/l-ue-cible-les-navires-petroliers-occultes-avec-un-nouveau-paquet-de-sanctions-contre-la-russie\" target=\"_blank\" rel=\"nofollow noopener\"><strong>L\u2019UE cible les navires p\u00e9troliers occultes avec un nouveau paquet de sanctions contre la Russie<\/strong><\/a><\/p>\n<p><strong>R\u00e9pression<\/strong><\/p>\n<p>Avant son proc\u00e8s, <strong>Lioudmila Vassilieva<\/strong> avait expliqu\u00e9 avoir agi par engagement personnel. Son message, lanc\u00e9 dans le centre de Saint-P\u00e9tersbourg, visait l\u2019opinion publique plut\u00f4t que les autorit\u00e9s. Ancienne ing\u00e9nieure en Union sovi\u00e9tique, puis militante au sein d\u2019un parti lib\u00e9ral dans les ann\u00e9es 1990, elle a r\u00e9guli\u00e8rement pris part aux rassemblements d\u2019opposition depuis 2000. Son proc\u00e8s intervient dans un climat de r\u00e9pression croissante des voix dissidentes. Depuis le d\u00e9but du conflit en <strong>Ukraine<\/strong>, des milliers de poursuites ont \u00e9t\u00e9 engag\u00e9es pour diverses accusations, comme l\u2019espionnage ou la critique de l\u2019arm\u00e9e. Plusieurs femmes, dont une p\u00e9diatre et une \u00e9tudiante, ont \u00e9t\u00e9 r\u00e9cemment condamn\u00e9es \u00e0 des peines de prison ferme.<\/p>\n<p>&gt; Toute l\u2019<a href=\"https:\/\/www.linfo.re\/monde\" target=\"_blank\" rel=\"nofollow noopener\"><strong>actualit\u00e9 internationale sur LINFO.re<\/strong><\/a><\/p>\n","protected":false},"excerpt":{"rendered":"Le vendredi 23 mai, une femme de 84 ans a \u00e9cop\u00e9 d\u2019une amende de 10 000 roubles (environ&hellip;\n","protected":false},"author":2,"featured_media":124586,"comment_status":"","ping_status":"","sticky":false,"template":"","format":"standard","meta":{"footnotes":""},"categories":[1591],"tags":[47,11,24721,674,1887,1922,74,12,1885,1886,132],"class_list":{"0":"post-124585","1":"post","2":"type-post","3":"status-publish","4":"format-standard","5":"has-post-thumbnail","7":"category-russie","8":"tag-actualite","9":"tag-actualites","10":"tag-crise-en-ukraine","11":"tag-europe","12":"tag-federation-de-russie","13":"tag-info","14":"tag-monde","15":"tag-news","16":"tag-russia","17":"tag-russian-federation","18":"tag-russie"},"share_on_mastodon":{"url":"https:\/\/pubeurope.com\/@fr\/114563033541913511","error":""},"_links":{"self":[{"href":"https:\/\/www.europesays.com\/fr\/wp-json\/wp\/v2\/posts\/124585","targetHints":{"allow":["GET"]}}],"collection":[{"href":"https:\/\/www.europesays.com\/fr\/wp-json\/wp\/v2\/posts"}],"about":[{"href":"https:\/\/www.europesays.com\/fr\/wp-json\/wp\/v2\/types\/post"}],"author":[{"embeddable":true,"href":"https:\/\/www.europesays.com\/fr\/wp-json\/wp\/v2\/users\/2"}],"replies":[{"embeddable":true,"href":"https:\/\/www.europesays.com\/fr\/wp-json\/wp\/v2\/comments?post=124585"}],"version-history":[{"count":0,"href":"https:\/\/www.europesays.com\/fr\/wp-json\/wp\/v2\/posts\/124585\/revisions"}],"wp:featuredmedia":[{"embeddable":true,"href":"https:\/\/www.europesays.com\/fr\/wp-json\/wp\/v2\/media\/124586"}],"wp:attachment":[{"href":"https:\/\/www.europesays.com\/fr\/wp-json\/wp\/v2\/media?parent=124585"}],"wp:term":[{"taxonomy":"category","embeddable":true,"href":"https:\/\/www.europesays.com\/fr\/wp-json\/wp\/v2\/categories?post=124585"},{"taxonomy":"post_tag","embeddable":true,"href":"https:\/\/www.europesays.com\/fr\/wp-json\/wp\/v2\/tags?post=124585"}],"curies":[{"name":"wp","href":"https:\/\/api.w.org\/{rel}","templated":true}]}}