{"id":124593,"date":"2025-05-24T13:28:08","date_gmt":"2025-05-24T13:28:08","guid":{"rendered":"https:\/\/www.europesays.com\/fr\/124593\/"},"modified":"2025-05-24T13:28:08","modified_gmt":"2025-05-24T13:28:08","slug":"le-point-faible-de-lallemagne","status":"publish","type":"post","link":"https:\/\/www.europesays.com\/fr\/124593\/","title":{"rendered":"Le Point Faible de l\u2019Allemagne"},"content":{"rendered":"<p>L\u2019\u00e9nergie solaire, atout ou talon d\u2019Achille pour l\u2019Allemagne ? Un black-out menace l\u2019Europe si le r\u00e9seau vacille. Quels risques se cachent derri\u00e8re les panneaux solaires ? Cliquez pour le d\u00e9couvrir.<\/p>\n<p>Imaginez un instant : une journ\u00e9e ensoleill\u00e9e en Allemagne, des milliers de panneaux solaires captant l\u2019\u00e9nergie du soleil, alimentant des foyers et des entreprises. Tout semble parfait. Mais soudain, une d\u00e9faillance impr\u00e9vue coupe une partie de cette production. En quelques secondes, le r\u00e9seau \u00e9lectrique s\u2019effondre, plongeant des villes enti\u00e8res dans l\u2019obscurit\u00e9. Ce sc\u00e9nario, digne d\u2019un film catastrophe, n\u2019est pas si loin de la r\u00e9alit\u00e9. L\u2019Allemagne, championne de la <b>transition \u00e9nerg\u00e9tique<\/b>, repose massivement sur l\u2019\u00e9nergie solaire, mais cette d\u00e9pendance r\u00e9v\u00e8le des failles inqui\u00e9tantes.<\/p>\n<p>    L\u2019\u00c9nergie Solaire : Un Pilier Fragile<\/p>\n<p>Le d\u00e9veloppement fulgurant des \u00e9nergies renouvelables a transform\u00e9 l\u2019Allemagne en mod\u00e8le pour beaucoup de nations. Avec des capacit\u00e9s solaires atteignant des sommets impressionnants, le pays produit aujourd\u2019hui une part significative de son \u00e9lectricit\u00e9 gr\u00e2ce au soleil. Mais cette force est aussi une faiblesse. Une r\u00e9cente analyse a mis en lumi\u00e8re la vuln\u00e9rabilit\u00e9 du <b>r\u00e9seau \u00e9lectrique<\/b> face \u00e0 une interruption soudaine de la production solaire. Si 30 % de la capacit\u00e9 photovolta\u00efque venait \u00e0 s\u2019arr\u00eater brutalement, l\u2019\u00e9quivalent de la production de plusieurs centrales nucl\u00e9aires dispara\u00eetrait instantan\u00e9ment. Un tel choc pourrait provoquer un <b>black-out<\/b> \u00e0 l\u2019\u00e9chelle europ\u00e9enne, aucun op\u00e9rateur ne pouvant compenser une perte aussi massive en si peu de temps.<\/p>\n<p>    Pourquoi le Solaire Pose Probl\u00e8me<\/p>\n<p>L\u2019\u00e9nergie solaire est par nature intermittente. Contrairement aux centrales traditionnelles, elle d\u00e9pend des conditions m\u00e9t\u00e9orologiques et des cycles jour-nuit. Une couverture nuageuse soudaine ou une panne technique peut r\u00e9duire drastiquement la production. En Allemagne, o\u00f9 le solaire repr\u00e9sente une part croissante du mix \u00e9nerg\u00e9tique, cette instabilit\u00e9 met le r\u00e9seau sous pression. Les op\u00e9rateurs doivent constamment \u00e9quilibrer l\u2019offre et la demande pour \u00e9viter une surcharge ou une panne g\u00e9n\u00e9ralis\u00e9e.<\/p>\n<blockquote class=\"wp-block-quote is-layout-flow wp-block-quote-is-layout-flow\">\n<p>\u00ab Une interruption soudaine de 30 % de la production solaire \u00e9quivaut \u00e0 perdre l\u2019\u00e9quivalent de douze centrales nucl\u00e9aires en une seconde. \u00bb<\/p>\n<\/blockquote>\n<p>Ce risque est amplifi\u00e9 par la conception m\u00eame du r\u00e9seau \u00e9lectrique europ\u00e9en, interconnect\u00e9 mais fragile face \u00e0 des chocs brutaux. Un incident localis\u00e9 en Allemagne pourrait se propager rapidement \u00e0 d\u2019autres pays, comme une rang\u00e9e de dominos qui s\u2019effondre.<\/p>\n<p>    Une Menace Venue de l\u2019Ext\u00e9rieur ?<\/p>\n<p>Si les al\u00e9as climatiques sont une pr\u00e9occupation, un autre danger, plus insidieux, inqui\u00e8te les experts : la <b>s\u00e9curit\u00e9 \u00e9nerg\u00e9tique<\/b>. Une \u00e9tude r\u00e9cente a r\u00e9v\u00e9l\u00e9 la pr\u00e9sence de modules de communication non document\u00e9s dans certains onduleurs de panneaux solaires fabriqu\u00e9s \u00e0 l\u2019\u00e9tranger. Ces composants, int\u00e9gr\u00e9s dans des \u00e9quipements essentiels au fonctionnement des installations solaires, pourraient \u00eatre exploit\u00e9s pour des attaques malveillantes. Imaginez une cyberattaque d\u00e9sactivant simultan\u00e9ment une partie des panneaux solaires : le r\u00e9seau, d\u00e9j\u00e0 sous tension, s\u2019effondrerait comme un ch\u00e2teau de cartes.<\/p>\n<p>Ce sc\u00e9nario n\u2019est pas purement hypoth\u00e9tique. Avec la d\u00e9pendance croissante aux \u00e9quipements import\u00e9s, notamment de Chine, les experts appellent \u00e0 une vigilance accrue. La question n\u2019est pas seulement technique, elle est aussi g\u00e9opolitique. Qui contr\u00f4le les infrastructures \u00e9nerg\u00e9tiques contr\u00f4le, en partie, la stabilit\u00e9 d\u2019un pays.<\/p>\n<p>      Les risques en chiffres<\/p>\n<ul style=\"list-style-type: disc; margin-left: 20px;\">\n<li><b>41 gigawatts<\/b> : Production solaire en Allemagne lors des pics.<\/li>\n<li><b>30 %<\/b> : Perte critique pouvant provoquer un black-out.<\/li>\n<li><b>12 centrales nucl\u00e9aires<\/b> : \u00c9quivalent \u00e9nerg\u00e9tique d\u2019une telle perte.<\/li>\n<\/ul>\n<p>    L\u2019Espagne : Un Avertissement pour l\u2019Allemagne<\/p>\n<p>Un incident r\u00e9cent en Espagne a sonn\u00e9 l\u2019alarme. Une panne \u00e9lectrique massive a paralys\u00e9 le pays, laissant des millions de foyers dans le noir. Les causes exactes restent floues, mais les \u00e9nergies renouvelables, et en particulier le solaire, sont point\u00e9es du doigt. Cet \u00e9v\u00e9nement a pouss\u00e9 l\u2019Allemagne \u00e0 s\u2019interroger sur la r\u00e9silience de son propre r\u00e9seau. Si un pays comme l\u2019Espagne, avec une infrastructure moderne, peut \u00eatre ainsi d\u00e9stabilis\u00e9, qu\u2019en est-il de l\u2019Allemagne, o\u00f9 le solaire joue un r\u00f4le encore plus central ?<\/p>\n<p>Les experts s\u2019accordent \u00e0 dire que la d\u00e9pendance au solaire, bien qu\u2019\u00e9cologiquement vertueuse, exige une red\u00e9finition des strat\u00e9gies de gestion du r\u00e9seau. Des solutions comme le stockage d\u2019\u00e9nergie via des batteries \u00e0 grande \u00e9chelle ou le d\u00e9veloppement de r\u00e9seaux intelligents pourraient att\u00e9nuer les risques. Mais ces technologies, encore co\u00fbteuses, demandent du temps pour \u00eatre d\u00e9ploy\u00e9es \u00e0 grande \u00e9chelle.<\/p>\n<p>    Les Solutions pour un R\u00e9seau Plus Robuste<\/p>\n<p>Face \u00e0 ces d\u00e9fis, plusieurs pistes sont envisag\u00e9es pour renforcer la <b>s\u00e9curit\u00e9 \u00e9nerg\u00e9tique<\/b> et \u00e9viter un sc\u00e9nario catastrophe. Voici les principales :<\/p>\n<ul style=\"list-style-type: square; margin-left: 20px;\">\n<li><b>Diversification des sources<\/b> : R\u00e9duire la d\u00e9pendance au solaire en int\u00e9grant d\u2019autres \u00e9nergies renouvelables, comme l\u2019\u00e9olien ou l\u2019hydrog\u00e8ne vert.<\/li>\n<li><b>Stockage d\u2019\u00e9nergie<\/b> : Investir dans des batteries pour stocker l\u2019exc\u00e9dent d\u2019\u00e9lectricit\u00e9 produite lors des pics solaires.<\/li>\n<li><b>R\u00e9seaux intelligents<\/b> : D\u00e9velopper des syst\u00e8mes capables d\u2019anticiper et de g\u00e9rer les fluctuations de production en temps r\u00e9el.<\/li>\n<li><b>Contr\u00f4les de s\u00e9curit\u00e9<\/b> : Renforcer l\u2019inspection des \u00e9quipements import\u00e9s pour d\u00e9tecter d\u2019\u00e9ventuelles failles de s\u00e9curit\u00e9.<\/li>\n<\/ul>\n<p>Ces mesures, bien que prometteuses, n\u00e9cessitent des investissements massifs et une coordination \u00e0 l\u2019\u00e9chelle europ\u00e9enne. L\u2019Allemagne, en tant que leader de la transition \u00e9nerg\u00e9tique, a une responsabilit\u00e9 particuli\u00e8re pour montrer la voie.<\/p>\n<p>    Un D\u00e9fi Europ\u00e9en<\/p>\n<p>Le probl\u00e8me ne concerne pas seulement l\u2019Allemagne. L\u2019interconnexion des r\u00e9seaux \u00e9lectriques europ\u00e9ens signifie qu\u2019une d\u00e9faillance dans un pays peut avoir des r\u00e9percussions continentales. Un black-out en Allemagne pourrait perturber l\u2019approvisionnement en \u00e9lectricit\u00e9 en France, en Pologne ou encore en Italie. Cette interd\u00e9pendance impose une coop\u00e9ration renforc\u00e9e entre les nations pour s\u00e9curiser les infrastructures critiques.<\/p>\n<blockquote class=\"wp-block-quote is-layout-flow wp-block-quote-is-layout-flow\">\n<p>\u00ab L\u2019\u00e9nergie est le sang de nos \u00e9conomies modernes. Une panne majeure serait une catastrophe \u00e9conomique et sociale. \u00bb<\/p>\n<\/blockquote>\n<p>Pour \u00e9viter un tel sc\u00e9nario, des initiatives europ\u00e9ennes visant \u00e0 harmoniser les normes de s\u00e9curit\u00e9 et \u00e0 investir dans des technologies de r\u00e9silience sont en cours. Mais le temps presse, et la menace d\u2019une cyberattaque ou d\u2019une panne technique plane toujours.<\/p>\n<p>    Vers un Avenir \u00c9nerg\u00e9tique Plus S\u00fbr<\/p>\n<p>L\u2019Allemagne se trouve \u00e0 un tournant. Pionni\u00e8re dans la <b>transition \u00e9nerg\u00e9tique<\/b>, elle doit d\u00e9sormais relever le d\u00e9fi de s\u00e9curiser son r\u00e9seau tout en poursuivant ses ambitions \u00e9cologiques. Les investissements dans les technologies de stockage, les r\u00e9seaux intelligents et la diversification des sources d\u2019\u00e9nergie seront cruciaux. Mais au-del\u00e0 des solutions techniques, c\u2019est une prise de conscience collective qui est n\u00e9cessaire. Les citoyens, les entreprises et les gouvernements doivent comprendre que la transition \u00e9nerg\u00e9tique, bien que essentielle, comporte des risques qu\u2019il faut anticiper.<\/p>\n<tr style=\"background-color: #e6e6e6;\">\n        Solution<br \/>\n        Avantages<br \/>\n        D\u00e9fis<br \/>\n      <\/tr>\n<tr>\n<td style=\"padding: 10px; border: 1px solid #ccc;\">Stockage d\u2019\u00e9nergie<\/td>\n<td style=\"padding: 10px; border: 1px solid #ccc;\">Stabilise le r\u00e9seau, r\u00e9duit l\u2019intermittence<\/td>\n<td style=\"padding: 10px; border: 1px solid #ccc;\">Co\u00fbt \u00e9lev\u00e9, technologies en d\u00e9veloppement<\/td>\n<\/tr>\n<tr>\n<td style=\"padding: 10px; border: 1px solid #ccc;\">R\u00e9seaux intelligents<\/td>\n<td style=\"padding: 10px; border: 1px solid #ccc;\">Anticipe les fluctuations, optimise la distribution<\/td>\n<td style=\"padding: 10px; border: 1px solid #ccc;\">Complexit\u00e9 technique, investissements massifs<\/td>\n<\/tr>\n<tr>\n<td style=\"padding: 10px; border: 1px solid #ccc;\">Diversification<\/td>\n<td style=\"padding: 10px; border: 1px solid #ccc;\">R\u00e9duit la d\u00e9pendance \u00e0 une seule source<\/td>\n<td style=\"padding: 10px; border: 1px solid #ccc;\">Coordination \u00e0 grande \u00e9chelle<\/td>\n<\/tr>\n<p>En conclusion, l\u2019\u00e9nergie solaire est une chance pour l\u2019Allemagne et pour l\u2019Europe, mais elle impose une vigilance de tous les instants. Les risques de black-out, qu\u2019ils soient dus \u00e0 des d\u00e9faillances techniques ou \u00e0 des menaces ext\u00e9rieures, rappellent que la transition \u00e9nerg\u00e9tique est un projet complexe. L\u2019Allemagne a l\u2019opportunit\u00e9 de montrer la voie en d\u00e9veloppant des solutions innovantes pour s\u00e9curiser son r\u00e9seau. Mais une chose est s\u00fbre : la stabilit\u00e9 \u00e9nerg\u00e9tique est un enjeu qui d\u00e9passe les fronti\u00e8res nationales. Et si la prochaine panne \u00e9tait d\u00e9j\u00e0 en pr\u00e9paration ?<\/p>\n","protected":false},"excerpt":{"rendered":"L\u2019\u00e9nergie solaire, atout ou talon d\u2019Achille pour l\u2019Allemagne ? Un black-out menace l\u2019Europe si le r\u00e9seau vacille. Quels&hellip;\n","protected":false},"author":2,"featured_media":124594,"comment_status":"","ping_status":"","sticky":false,"template":"","format":"standard","meta":{"footnotes":""},"categories":[1587],"tags":[11,672,1804,1805,1803,1777,674,1801,14,12,1802,717],"class_list":{"0":"post-124593","1":"post","2":"type-post","3":"status-publish","4":"format-standard","5":"has-post-thumbnail","7":"category-allemagne","8":"tag-actualites","9":"tag-allemagne","10":"tag-bundesrepublik-deutschland","11":"tag-de","12":"tag-deutschland","13":"tag-eu","14":"tag-europe","15":"tag-germany","16":"tag-international","17":"tag-news","18":"tag-republique-federale-dallemagne","19":"tag-technologie"},"share_on_mastodon":{"url":"https:\/\/pubeurope.com\/@fr\/114563049341729984","error":""},"_links":{"self":[{"href":"https:\/\/www.europesays.com\/fr\/wp-json\/wp\/v2\/posts\/124593","targetHints":{"allow":["GET"]}}],"collection":[{"href":"https:\/\/www.europesays.com\/fr\/wp-json\/wp\/v2\/posts"}],"about":[{"href":"https:\/\/www.europesays.com\/fr\/wp-json\/wp\/v2\/types\/post"}],"author":[{"embeddable":true,"href":"https:\/\/www.europesays.com\/fr\/wp-json\/wp\/v2\/users\/2"}],"replies":[{"embeddable":true,"href":"https:\/\/www.europesays.com\/fr\/wp-json\/wp\/v2\/comments?post=124593"}],"version-history":[{"count":0,"href":"https:\/\/www.europesays.com\/fr\/wp-json\/wp\/v2\/posts\/124593\/revisions"}],"wp:featuredmedia":[{"embeddable":true,"href":"https:\/\/www.europesays.com\/fr\/wp-json\/wp\/v2\/media\/124594"}],"wp:attachment":[{"href":"https:\/\/www.europesays.com\/fr\/wp-json\/wp\/v2\/media?parent=124593"}],"wp:term":[{"taxonomy":"category","embeddable":true,"href":"https:\/\/www.europesays.com\/fr\/wp-json\/wp\/v2\/categories?post=124593"},{"taxonomy":"post_tag","embeddable":true,"href":"https:\/\/www.europesays.com\/fr\/wp-json\/wp\/v2\/tags?post=124593"}],"curies":[{"name":"wp","href":"https:\/\/api.w.org\/{rel}","templated":true}]}}