{"id":124603,"date":"2025-05-24T13:33:17","date_gmt":"2025-05-24T13:33:17","guid":{"rendered":"https:\/\/www.europesays.com\/fr\/124603\/"},"modified":"2025-05-24T13:33:17","modified_gmt":"2025-05-24T13:33:17","slug":"les-juniors-associations-de-toute-la-france-reunies-a-poitiers","status":"publish","type":"post","link":"https:\/\/www.europesays.com\/fr\/124603\/","title":{"rendered":"les juniors associations de toute la France r\u00e9unies \u00e0 Poitiers"},"content":{"rendered":"<p>Depuis vendredi\u00a023 au dimanche 25\u00a0mai 2025, l\u2019ensemble scolaire Isaac-de-l\u2019\u00c9toile, \u00e0 <a title=\"Lien vers la page Poitiers du site internet de La Nouvelle R\u00e9publique\" target=\"_self\" href=\"https:\/\/www.lanouvellerepublique.fr\/poitiers\" rel=\"noopener\">Poitiers<\/a>, accueille les rencontres nationales du <a title=\"Lien vers le site internet du R\u00e9seau national des juniors associations\" target=\"_blank\" href=\"https:\/\/juniorassociation.org\" rel=\"noopener\">R\u00e9seau national des juniors associations (RNJA)<\/a>. Pendant trois jours, plus de 130 jeunes et une vingtaine d\u2019accompagnateurs, venus de toute la France, participent \u00e0 des ateliers, des formations et des \u00e9changes, notamment sur la valorisation de l\u2019engagement des jeunes durant leur scolarit\u00e9. Le week-end se conclura par l\u2019assembl\u00e9e g\u00e9n\u00e9rale et le renouvellement du conseil d\u2019administration.<\/p>\n<p>Cr\u00e9\u00e9 en 1998 par <a title=\"Passage de relais \u00e0 la t\u00eate de la Ligue de l\u2019enseignement\" target=\"_self\" href=\"https:\/\/www.lanouvellerepublique.fr\/poitiers\/passage-de-relais-a-la-tete-de-la-ligue-de-l-enseignement\" rel=\"noopener\">la Ligue de l\u2019enseignement<\/a>, le groupe d\u2019int\u00e9r\u00eat g\u00e9n\u00e9ral D\u00e9fi jeunes et J.Press (une ancienne association de presse d\u2019initiative jeune), le RNJA propose un cadre juridique pour les mineurs, \u00e2g\u00e9s de 11 \u00e0 18\u00a0ans, r\u00e9unis pour r\u00e9aliser des projets collectifs\u00a0: la junior association. \u00ab\u00a0C\u2019est une structure associative qui garantit l\u2019autonomie des jeunes\u00a0\u00bb, explique St\u00e9phane Alexandre, copr\u00e9sident avec Lina Ettair. \u00ab\u00a0Cela leur permet d\u2019ouvrir un compte bancaire, de b\u00e9n\u00e9ficier d\u2019une couverture d\u2019assurance.\u00a0\u00bb<\/p>\n<p>Trois juniors associations dans la Vienne<\/p>\n<p>Le RNJA \u00e9tudie les demandes d\u2019habilitation en s\u2019appuyant sur ses relais d\u00e9partementaux\u00a0&#8211; la Ligue de l\u2019enseignement pour la Vienne -, met \u00e0 disposition des ressources (guides pratiques, \u00e9tudes\u2026) et anime un r\u00e9seau de 9.000 jeunes r\u00e9partis dans 900 structures. Lina Ettair fait partie de ces b\u00e9n\u00e9voles mineurs. Elle est membre d\u2019<a title=\"Lien vers le compte Instagram d&#039;Agir pour demain 24\" target=\"_blank\" href=\"https:\/\/www.instagram.com\/agpd.24\/\" rel=\"noopener\">Agir pour demain 24<\/a>, \u00e0 Bergerac (Dordogne), qui \u0153uvre pour la sensibilisation \u00e0 l\u2019environnement. \u00ab\u00a0On peut agir, \u00eatre autonome et \u00eatre guid\u00e9 quand on a besoin.\u00a0On a aussi la chance d\u2019\u00eatre dans un r\u00e9seau tr\u00e8s important\u00a0\u00bb, insiste la jeune femme.<\/p>\n<p><img alt=\"St\u00e9phane Alexandre et Lina Ettair sont copr\u00e9sidents du R\u00e9seau national des juniors associations, qui laisse une place importante aux b\u00e9n\u00e9voles mineurs dans la gouvernance.\" loading=\"lazy\" width=\"980\" height=\"573\" decoding=\"async\" data-nimg=\"1\" class=\"img-responsive spinner-show\" style=\"color:transparent;background-size:cover;background-position:50% 50%;background-repeat:no-repeat;background-image:url(&quot;data:image\/svg+xml;charset=utf-8,%3Csvg xmlns=\" http:=\"\" viewbox=\"0 0 980 573\" id=\"b\" color-interpolation-filters=\"sRGB\" stddeviation=\"20\" values=\"1 0 0 0 0 0 1 0 0 0 0 0 1 0 0 0 0 0 100 -1\" result=\"s\" x=\"0\" y=\"0\" operator=\"out\" in=\"s\" in2=\"SourceGraphic\" preserveaspectratio=\"none\" href=\"https:\/\/images.lanouvellerepublique.fr\/image\/upload\/t_88w\/f_auto\/6831c50b51e61502198b4583.jpg\"   src=\"https:\/\/www.europesays.com\/fr\/wp-content\/uploads\/2025\/05\/6831c50b51e61502198b4583.jpg\"\/><\/p>\n<p style=\"background-color:#F2F2F2;padding:5px;margin-top:0px;margin-bottom:10px\">St\u00e9phane Alexandre et Lina Ettair sont copr\u00e9sidents du R\u00e9seau national des juniors associations, qui laisse une place importante aux b\u00e9n\u00e9voles mineurs dans la gouvernance.<br \/> \u00a9 (Photo NR-CP, \u00c9douard Daniel)<\/p>\n<p>En Nouvelle-Aquitaine, le d\u00e9partement qui compte le plus de juniors associations est les Pyr\u00e9n\u00e9es-Atlantiques (quatorze), devant les Deux-S\u00e8vres (douze), la Gironde, les Landes et le Lot-et-Garonne (dix chacune). Trois structures de ce type, accompagn\u00e9es par des animateurs jeunesse, sont pr\u00e9sentes dans <a title=\"Lien vers la page Vienne du site internet de La Nouvelle R\u00e9publique\" target=\"_self\" href=\"https:\/\/www.lanouvellerepublique.fr\/vienne\" rel=\"noopener\">la Vienne<\/a>\u00a0: Les Champions du Baigne-Chat \u00e0 Champigny-en-Rochereau, Jeunes et ambitieux \u00e0 Ch\u00e2tellerault, et Jeunes \u00e0 Poitiers Jeunes engag\u00e9s. Poitiers avait m\u00eame, jusqu\u2019en 2024, une autre junior association avec Du Coq \u00e0 l\u2019id\u00e9e, qui visait \u00e0 promouvoir la pratique du skate aupr\u00e8s des filles dans les quartiers. \u00ab\u00a0Les filles ont atteint la majorit\u00e9 et ont souhait\u00e9 continuer en association\u00a0\u00bb, raconte Amine Tilikete, d\u00e9l\u00e9gu\u00e9 g\u00e9n\u00e9ral du RNJA.<\/p>\n<\/p>\n<p>Engagement et citoyennet\u00e9<\/p>\n<p>Et ce n\u2019est pas un hasard si l\u2019association a d\u00e9cid\u00e9 de d\u00e9localiser, pour la premi\u00e8re fois, ses rencontres nationales dans la pr\u00e9fecture de la Vienne. \u00ab\u00a0On entendait beaucoup parler de Poitiers comme la ville de la jeunesse et de l\u2019engagement, notamment avec les rencontres nationales de l\u2019\u00e9ducation populaire\u00a0\u00bb, souligne St\u00e9phane Alexandre. La maire, <a title=\"Municipales 2026 \u00e0 Poitiers : L\u00e9onore Moncond\u2019huy candidate\" target=\"_self\" href=\"https:\/\/www.lanouvellerepublique.fr\/poitiers\/municipales-2026-a-poitiers-leonore-moncond-huy-candidate-1738343963\" rel=\"noopener\">L\u00e9onore Moncond\u2019huy<\/a>, a elle-m\u00eame d\u00e9but\u00e9 son engagement au sein d\u2019une junior association. Un exemple qui d\u00e9montre que l\u2019engagement associatif, d\u00e8s l\u2019adolescence, peut favoriser l\u2019engagement \u00e0 la citoyennet\u00e9.<\/p>\n<p><script async src=\"\/\/www.instagram.com\/embed.js\"><\/script><\/p>\n","protected":false},"excerpt":{"rendered":"Depuis vendredi\u00a023 au dimanche 25\u00a0mai 2025, l\u2019ensemble scolaire Isaac-de-l\u2019\u00c9toile, \u00e0 Poitiers, accueille les rencontres nationales du R\u00e9seau national&hellip;\n","protected":false},"author":2,"featured_media":124604,"comment_status":"","ping_status":"","sticky":false,"template":"","format":"standard","meta":{"footnotes":""},"categories":[4],"tags":[1392,11,15964,1057,1011,27,6653,12,1653,25,1584],"class_list":{"0":"post-124603","1":"post","2":"type-post","3":"status-publish","4":"format-standard","5":"has-post-thumbnail","7":"category-france","8":"tag-a-la-une-local","9":"tag-actualites","10":"tag-citoyennete","11":"tag-education","12":"tag-fr","13":"tag-france","14":"tag-jeune-public","15":"tag-news","16":"tag-poitiers","17":"tag-republique-francaise","18":"tag-vienne"},"share_on_mastodon":{"url":"https:\/\/pubeurope.com\/@fr\/114563068946348574","error":""},"_links":{"self":[{"href":"https:\/\/www.europesays.com\/fr\/wp-json\/wp\/v2\/posts\/124603","targetHints":{"allow":["GET"]}}],"collection":[{"href":"https:\/\/www.europesays.com\/fr\/wp-json\/wp\/v2\/posts"}],"about":[{"href":"https:\/\/www.europesays.com\/fr\/wp-json\/wp\/v2\/types\/post"}],"author":[{"embeddable":true,"href":"https:\/\/www.europesays.com\/fr\/wp-json\/wp\/v2\/users\/2"}],"replies":[{"embeddable":true,"href":"https:\/\/www.europesays.com\/fr\/wp-json\/wp\/v2\/comments?post=124603"}],"version-history":[{"count":0,"href":"https:\/\/www.europesays.com\/fr\/wp-json\/wp\/v2\/posts\/124603\/revisions"}],"wp:featuredmedia":[{"embeddable":true,"href":"https:\/\/www.europesays.com\/fr\/wp-json\/wp\/v2\/media\/124604"}],"wp:attachment":[{"href":"https:\/\/www.europesays.com\/fr\/wp-json\/wp\/v2\/media?parent=124603"}],"wp:term":[{"taxonomy":"category","embeddable":true,"href":"https:\/\/www.europesays.com\/fr\/wp-json\/wp\/v2\/categories?post=124603"},{"taxonomy":"post_tag","embeddable":true,"href":"https:\/\/www.europesays.com\/fr\/wp-json\/wp\/v2\/tags?post=124603"}],"curies":[{"name":"wp","href":"https:\/\/api.w.org\/{rel}","templated":true}]}}