{"id":124605,"date":"2025-05-24T13:35:14","date_gmt":"2025-05-24T13:35:14","guid":{"rendered":"https:\/\/www.europesays.com\/fr\/124605\/"},"modified":"2025-05-24T13:35:14","modified_gmt":"2025-05-24T13:35:14","slug":"champion-de-france-pour-la-dixieme-fois-tours-entre-dans-lhistoire","status":"publish","type":"post","link":"https:\/\/www.europesays.com\/fr\/124605\/","title":{"rendered":"champion de France pour la dixi\u00e8me fois, Tours entre dans l&rsquo;histoire"},"content":{"rendered":"<p class=\"c-chapo \">\n  Le Tours Volley-Ball a remport\u00e9 son dixi\u00e8me titre de champion de France, le deuxi\u00e8me en trois saisons, gr\u00e2ce \u00e0 sa large victoire samedi \u00e0 domicile en finale retour contre Poitiers (3-0: 29-27, 25-21, 25-17), samedi.\n<\/p>\n<p>    <img loading=\"lazy\" decoding=\"async\" class=\"signature__image lazyload\" width=\"100\" height=\"100\" data- alt=\"\" src=\"https:\/\/www.europesays.com\/fr\/wp-content\/uploads\/2025\/05\/64a68815cd1a7_placeholder-36b69ec8.png\"\/><\/p>\n<p>    Publi\u00e9 le 17\/05\/2025 22:26<\/p>\n<p>        Temps de lecture : 1min<\/p>\n<p>    <img decoding=\"async\"  alt=\"Les joueurs de Tours c\u00e9l\u00e8brent apr\u00e8s le match de l'Alterna Stade Poitevin Volley Ball (SPVB) contre Tours, \u00e0 la salle Lawson-Body de Poitiers le 10 mai 2025 en finale aller de MSL. (MATHIEU HERDUIN \/ MAXPPP)\" width=\"432\" height=\"243\" src=\"https:\/\/www.europesays.com\/fr\/wp-content\/uploads\/2025\/05\/maxnewsspecialtwo209842-6828eab327f90090231433.jpg\" fetchpriority=\"high\"\/><\/p>\n<p>      Les joueurs de Tours c\u00e9l\u00e8brent apr\u00e8s le match de l&rsquo;Alterna Stade Poitevin Volley Ball (SPVB) contre Tours, \u00e0 la salle Lawson-Body de Poitiers le 10 mai 2025 en finale aller de MSL. (MATHIEU HERDUIN \/ MAXPPP)<\/p>\n<p>Tours a remport\u00e9 son dizi\u00e8me titre de champion de France de volley-ball, le deuxi\u00e8me en trois saisons, gr\u00e2ce \u00e0 sa victoire lors de la finale retour, samedi 17 mai, contre Poitiers (3-0: 29-27, 25-21, 25-17). Le TVB, d\u00e9j\u00e0 vainqueur \u00e0 l&rsquo;aller (3-1), rejoint en t\u00eate du palmar\u00e8s du championnat l&rsquo;AS Cannes, apr\u00e8s avoir remport\u00e9 tous ses titres au XXIe si\u00e8cle.<\/p>\n<p>Les Tourangeaux effacent la d\u00e9ception de l&rsquo;an pass\u00e9 et la d\u00e9faite en finale contre Saint-Nazaire au set en or apr\u00e8s avoir arrach\u00e9 la finale retour (3-2). Vainqueur de la finale aller dans la Vienne (3-1), Tours a confirm\u00e9 \u00e0 la maison, ne laissant quasi aucune chance au Stade Poitevin, qui devra attendre pour d\u00e9crocher un troisi\u00e8me titre de champion (apr\u00e8s 1999 et 2011).<\/p>\n<p>Le club pictave, de retour cette saison en play-offs apr\u00e8s quatre ans d&rsquo;absence, n&rsquo;a pu r\u00e9sister \u00e0 la vague tourangelle, qui a quasiment tout emport\u00e9 en phase finale (sept victoires en huit matches, seule d\u00e9faite en demi-finales contre Montpellier, 1er de la saison r\u00e9guli\u00e8re). Apr\u00e8s un d\u00e9but de saison poussif (une victoire et cinq revers) et malgr\u00e9 de nombreux bless\u00e9s au fil de l&rsquo;exercice.<\/p>\n<p>\u00ab\u00a0L&rsquo;\u00e9quipe n&rsquo;a jamais abandonn\u00e9. Ce maillot p\u00e8se lourd et r\u00e9veille des \u00e9tincelle\u00a0\u00bb, a d\u00e9clar\u00e9 au micro de BeIn Sports l&rsquo;entra\u00eeneur tourangeau, Marcelo Fronckowiak. \u00ab\u00a0On savait que Poitiers \u00e9tait plus fort que ce qu&rsquo;il avait montr\u00e9 \u00e0 l&rsquo;aller. \u00c0 partir du gain du premier set, l&rsquo;\u00e9quipe est devenue stable et la pression \u00e9norme pour Poitiers\u00a0\u00bb, a-t-il soulign\u00e9.<\/p>\n<p class=\"social-zone__share-text\">\n      Partager\u00a0:<br \/>\n      l\u2019article sur les r\u00e9seaux sociaux\n    <\/p>\n<ul class=\"social-zone__list\">\n<li class=\"social-zone__item\">\n<p>        Partagez sur twitter (nouvel onglet) (Nouvelle fen\u00eatre)<\/p>\n<\/li>\n<li class=\"social-zone__item\">\n<p>        Partagez sur whatsApp (nouvel onglet) (Nouvelle fen\u00eatre)<\/p>\n<\/li>\n<li class=\"social-zone__item\">\n<p>        Partagez sur facebook (nouvel onglet) (Nouvelle fen\u00eatre)<\/p>\n<\/li>\n<li class=\"social-zone__item\">\n<p>        Partagez par email (Nouvelle fen\u00eatre)<\/p>\n<\/li>\n<li class=\"social-zone__item\">\n<p>        Partagez (Nouvelle fen\u00eatre)<\/p>\n<\/li>\n<\/ul>\n<p class=\"related-tags__title\" role=\"heading\" aria-level=\"2\">les mots-cl\u00e9s associ\u00e9s \u00e0 cet article\n    <\/p>\n","protected":false},"excerpt":{"rendered":"Le Tours Volley-Ball a remport\u00e9 son dixi\u00e8me titre de champion de France, le deuxi\u00e8me en trois saisons, gr\u00e2ce&hellip;\n","protected":false},"author":2,"featured_media":124606,"comment_status":"","ping_status":"","sticky":false,"template":"","format":"standard","meta":{"footnotes":""},"categories":[1417],"tags":[1011,27,60,1470,1469],"class_list":{"0":"post-124605","1":"post","2":"type-post","3":"status-publish","4":"format-standard","5":"has-post-thumbnail","7":"category-volley","8":"tag-fr","9":"tag-france","10":"tag-sports","11":"tag-volley","12":"tag-volleyball"},"share_on_mastodon":{"url":"https:\/\/pubeurope.com\/@fr\/114563078193422890","error":""},"_links":{"self":[{"href":"https:\/\/www.europesays.com\/fr\/wp-json\/wp\/v2\/posts\/124605","targetHints":{"allow":["GET"]}}],"collection":[{"href":"https:\/\/www.europesays.com\/fr\/wp-json\/wp\/v2\/posts"}],"about":[{"href":"https:\/\/www.europesays.com\/fr\/wp-json\/wp\/v2\/types\/post"}],"author":[{"embeddable":true,"href":"https:\/\/www.europesays.com\/fr\/wp-json\/wp\/v2\/users\/2"}],"replies":[{"embeddable":true,"href":"https:\/\/www.europesays.com\/fr\/wp-json\/wp\/v2\/comments?post=124605"}],"version-history":[{"count":0,"href":"https:\/\/www.europesays.com\/fr\/wp-json\/wp\/v2\/posts\/124605\/revisions"}],"wp:featuredmedia":[{"embeddable":true,"href":"https:\/\/www.europesays.com\/fr\/wp-json\/wp\/v2\/media\/124606"}],"wp:attachment":[{"href":"https:\/\/www.europesays.com\/fr\/wp-json\/wp\/v2\/media?parent=124605"}],"wp:term":[{"taxonomy":"category","embeddable":true,"href":"https:\/\/www.europesays.com\/fr\/wp-json\/wp\/v2\/categories?post=124605"},{"taxonomy":"post_tag","embeddable":true,"href":"https:\/\/www.europesays.com\/fr\/wp-json\/wp\/v2\/tags?post=124605"}],"curies":[{"name":"wp","href":"https:\/\/api.w.org\/{rel}","templated":true}]}}