{"id":124611,"date":"2025-05-24T13:39:09","date_gmt":"2025-05-24T13:39:09","guid":{"rendered":"https:\/\/www.europesays.com\/fr\/124611\/"},"modified":"2025-05-24T13:39:09","modified_gmt":"2025-05-24T13:39:09","slug":"fabio-quartararo-de-nouveau-en-pole-position-a-silverstone","status":"publish","type":"post","link":"https:\/\/www.europesays.com\/fr\/124611\/","title":{"rendered":"Fabio Quartararo de nouveau en pole position \u00e0 Silverstone"},"content":{"rendered":"<p>Sur le trac\u00e9 de Silverstone, le pilote Yamaha, qui a r\u00e9cup\u00e9r\u00e9 au passage le record du tour du circuit, s&rsquo;\u00e9lancera devant l&rsquo;Espagnol Alex Marquez (Ducati-Gresini), deuxi\u00e8me.<\/p>\n<p>Le double champion du monde italien Francesco Bagnaia (Ducati) compl\u00e8tera la premi\u00e8re ligne sur la grille de d\u00e9part de la course sprint programm\u00e9e \u00e0 16h locales samedi (17h, heure de Paris), et du Grand Prix programm\u00e9 dimanche (13h locales).<\/p>\n<p>\u00ab\u00a0Tr\u00e8s satisfait\u00a0\u00bb<\/p>\n<p>\u00ab Je suis tr\u00e8s satisfait \u00bb, a r\u00e9agi Quartararo, interrog\u00e9 par Canal+. \u00ab On est encore tr\u00e8s loin des Ducati (en termes de performance) mais petit \u00e0 petit, on s&rsquo;en rapproche \u00bb, a-t-il encore dit.<\/p>\n<p>Et de poursuivre: \u00eatre performant \u00ab sur un tour, c&rsquo;est une chose, \u00eatre consistant sur 10 ou 20 tours, c&rsquo;en est une autre (&#8230;) faire un podium en sprint, je signe tout de suite \u00bb. Le Ni\u00e7ois, champion du monde 2021, n&rsquo;a remport\u00e9 aucune course cette ann\u00e9e en d\u00e9pit de ses trois poles.<\/p>\n<p>Zarco 9e<\/p>\n<p><a href=\"https:\/\/www.ledauphine.com\/p\/marc-marquez\" target=\"_blank\" rel=\"nofollow noopener\">Marc Marquez<\/a> (Ducati), actuel leader du championnat, partira 4e. Sur le l\u00e9gendaire trac\u00e9 anglais, l&rsquo;Espagnol a sign\u00e9 sa moins bonne performance en qualifications depuis le d\u00e9but de la saison.<\/p>\n<p>Vainqueur surprise du GP de France d\u00e9but mai, l&rsquo;autre Fran\u00e7ais de la grille <a href=\"https:\/\/www.ledauphine.com\/p\/johann-zarco\" target=\"_blank\" rel=\"nofollow noopener\">Johann Zarco<\/a> (Honda-LCR) s&rsquo;\u00e9lancera 9e. Le Cannois de 34 ans a chut\u00e9 dans les derniers instants des qualifications, an\u00e9antissant ses chances de signer la pole position.<\/p>\n<p>Au championnat pilotes, Marc Marquez, vainqueur de trois des six Grand Prix disput\u00e9s depuis le d\u00e9but de la saison, dispose d&rsquo;une avance de 22 points sur son fr\u00e8re cadet Alex et de 51 points sur son co\u00e9quipier chez Ducati Francesco Bagnaia.<\/p>\n","protected":false},"excerpt":{"rendered":"Sur le trac\u00e9 de Silverstone, le pilote Yamaha, qui a r\u00e9cup\u00e9r\u00e9 au passage le record du tour du&hellip;\n","protected":false},"author":2,"featured_media":124612,"comment_status":"","ping_status":"","sticky":false,"template":"","format":"standard","meta":{"footnotes":""},"categories":[1413],"tags":[107,1011,27,329,1457,1456,517,1947,60],"class_list":{"0":"post-124611","1":"post","2":"type-post","3":"status-publish","4":"format-standard","5":"has-post-thumbnail","7":"category-moto","8":"tag-fil-info","9":"tag-fr","10":"tag-france","11":"tag-france-monde","12":"tag-moto","13":"tag-motocycle","14":"tag-sport","15":"tag-sport-national","16":"tag-sports"},"share_on_mastodon":{"url":"https:\/\/pubeurope.com\/@fr\/114563092493952369","error":""},"_links":{"self":[{"href":"https:\/\/www.europesays.com\/fr\/wp-json\/wp\/v2\/posts\/124611","targetHints":{"allow":["GET"]}}],"collection":[{"href":"https:\/\/www.europesays.com\/fr\/wp-json\/wp\/v2\/posts"}],"about":[{"href":"https:\/\/www.europesays.com\/fr\/wp-json\/wp\/v2\/types\/post"}],"author":[{"embeddable":true,"href":"https:\/\/www.europesays.com\/fr\/wp-json\/wp\/v2\/users\/2"}],"replies":[{"embeddable":true,"href":"https:\/\/www.europesays.com\/fr\/wp-json\/wp\/v2\/comments?post=124611"}],"version-history":[{"count":0,"href":"https:\/\/www.europesays.com\/fr\/wp-json\/wp\/v2\/posts\/124611\/revisions"}],"wp:featuredmedia":[{"embeddable":true,"href":"https:\/\/www.europesays.com\/fr\/wp-json\/wp\/v2\/media\/124612"}],"wp:attachment":[{"href":"https:\/\/www.europesays.com\/fr\/wp-json\/wp\/v2\/media?parent=124611"}],"wp:term":[{"taxonomy":"category","embeddable":true,"href":"https:\/\/www.europesays.com\/fr\/wp-json\/wp\/v2\/categories?post=124611"},{"taxonomy":"post_tag","embeddable":true,"href":"https:\/\/www.europesays.com\/fr\/wp-json\/wp\/v2\/tags?post=124611"}],"curies":[{"name":"wp","href":"https:\/\/api.w.org\/{rel}","templated":true}]}}