{"id":124619,"date":"2025-05-24T13:43:09","date_gmt":"2025-05-24T13:43:09","guid":{"rendered":"https:\/\/www.europesays.com\/fr\/124619\/"},"modified":"2025-05-24T13:43:09","modified_gmt":"2025-05-24T13:43:09","slug":"lhumoriste-contrainte-dannuler-plusieurs-dates-pour-des-raisons-medicales","status":"publish","type":"post","link":"https:\/\/www.europesays.com\/fr\/124619\/","title":{"rendered":"l\u2019humoriste contrainte d\u2019annuler plusieurs dates \u00ab\u00a0pour des raisons m\u00e9dicales\u00a0\u00bb"},"content":{"rendered":"<p>C\u2019est une annonce qui a pris de court les nombreux fans d\u2019In\u00e8s Reg. Dans la soir\u00e9e du vendredi 23 mai, l\u2019humoriste a republi\u00e9, en story Instagram, un f\u00e2cheux communiqu\u00e9 de presse annon\u00e7ant le report de plusieurs dates de sa tourn\u00e9e. Une nouvelle que l\u2019ex de K\u00e9vin a s\u00fbrement annonc\u00e9 \u00e0 contre-c\u0153ur car, il y a encore quelques semaines, lors de son passage dans Quotidien, l\u2019int\u00e9ress\u00e9 se r\u00e9jouissait que son public \u00e9tait tout au rendez-vous. Et ce, malgr\u00e9 sa vive altercation avec Natasha St-Pier (dans la 13e saison de Danse avec les stars ). \u00ab\u00a0En vrai, aujourd&rsquo;hui, je suis trop contente, parce que Casino de Paris, deux semaines compl\u00e8tes, et je suis fi\u00e8re et heureuse\u00a0\u00bb, confiait-elle, enjou\u00e9e.<\/p>\n<p><strong>\u00c0 lire \u00e9galement<\/strong> <a data-i13n=\"cpos:1;pos:1\" href=\"https:\/\/www.programme-television.org\/news\/tv\/emissions-tele\/elle-se-bagarre-avec-kev-adams-tacle-ines-reg-sur-son-depart-de-mask-singer-4741051\" rel=\"nofollow noopener\" target=\"_blank\" data-ylk=\"slk:&quot;Elle se bagarre avec\u2026&quot; : Kev Adams tacle In\u00e8s Reg sur son d\u00e9part de Mask Singer;cpos:1;pos:1;elm:context_link;itc:0;sec:content-canvas\" class=\"link \">\u00ab\u00a0Elle se bagarre avec\u2026\u00a0\u00bb : Kev Adams tacle In\u00e8s Reg sur son d\u00e9part de Mask Singer<\/a><\/p>\n<p>In\u00e8s Reg oblig\u00e9e de reporter plusieurs dates pour \u00ab\u00a0des raisons m\u00e9dicales\u00a0\u00bb<\/p>\n<p>Ainsi, dans un communiqu\u00e9 de presse r\u00e9dig\u00e9 par d\u00e9cibels prod (la bo\u00eete de production en charge de sa tourn\u00e9e), publi\u00e9 dans sa story Instagram, on a ainsi pu d\u00e9couvrir les raisons de son absence. \u00ab\u00a0Pour des raisons m\u00e9dicales, c\u2019est avec un profond regret qu\u2019In\u00e8s Reg ne pourra assurer ses spectacles pr\u00e9vus ce week-end [&#8230;] La date de ce soir au Colis\u00e9e de Chartres, vendredi 23 mai 2025, est report\u00e9e au 25 mars 2026. La date de demain \u00e0 l\u2019Arena Loire de Tr\u00e9laz\u00e9, samedi 24 mai 2025, est report\u00e9e au 3 mars 2026\u00a0\u00bb, a-t-on pu d\u00e9couvrir. Une prise de parole univoque \u00e0 laquelle l\u2019int\u00e9ress\u00e9e a ensuite apport\u00e9 d\u2019amples d\u00e9tails.<\/p>\n<p><strong>\u00c0 lire \u00e9galement<\/strong> <a data-i13n=\"cpos:2;pos:1\" href=\"https:\/\/www.programme-television.org\/news\/people\/polemique\/ils-surfent-sur-le-buzz-anthony-colette-sans-filtre-sur-l-attitude-d-ines-reg-et-de-christophe-licata-depuis-le-clash-dans-dals-4740450\" rel=\"nofollow noopener\" target=\"_blank\" data-ylk=\"slk:&quot;Ils surfent sur le buzz&quot; : Anthony Colette sans filtre sur l&#039;attitude d&#039;In\u00e8s Reg et de Christophe Licata depuis le clash dans DALS;cpos:2;pos:1;elm:context_link;itc:0;sec:content-canvas\" class=\"link \">\u00ab\u00a0Ils surfent sur le buzz\u00a0\u00bb : Anthony Colette sans filtre sur l&rsquo;attitude d&rsquo;In\u00e8s Reg et de Christophe Licata depuis le clash dans DALS<\/a><\/p>\n<p>In\u00e8s Reg pein\u00e9e par le report de ses repr\u00e9sentations : \u00ab\u00a0Je suis vraiment d\u00e9sol\u00e9e\u00a0\u00bb<\/p>\n<p>Dans une seconde story, plus exhaustive et r\u00e9dig\u00e9e par ses soins, In\u00e8s Reg a ainsi partag\u00e9 d\u2019autres d\u00e9tails sur les raisons de son absence. \u00ab\u00a0Je suis vraiment d\u00e9sol\u00e9e. Je sais l\u2019excitation de se voir, j\u2019imagine l\u2019organisation, la journ\u00e9e qui passe plus vite parce qu\u2019on sait qu\u2019on va \u00eatre tous ensemble \u00e0 rire et partager.. Les gars, je suis malade d\u2019une force, m\u2019asseoir, juste m\u2019asseoir est impossible, ma t\u00eate me br\u00fble, mon oreille de m\u00eame, et je vomis \u00e0 chaque fois que j\u2019essaie de trouver une bonne position. J\u2019ai le mal de mer en continu alors que je suis allong\u00e9e dans le 93\u00a0\u00bb, a-t-elle ainsi poursuivi, sans d\u00e9voiler pour autant le mal dont elle souffre. Et de conclure, rassurante : \u00ab\u00a0Vous me manquez et encore pardon. Les dates ne sont pas annul\u00e9es mais report\u00e9es.\u00a0\u00bb<\/p>\n","protected":false},"excerpt":{"rendered":"C\u2019est une annonce qui a pris de court les nombreux fans d\u2019In\u00e8s Reg. Dans la soir\u00e9e du vendredi&hellip;\n","protected":false},"author":2,"featured_media":124620,"comment_status":"","ping_status":"","sticky":false,"template":"","format":"standard","meta":{"footnotes":""},"categories":[1359],"tags":[24722,13,194,58,59,1011,27,13782,973,24723],"class_list":{"0":"post-124619","1":"post","2":"type-post","3":"status-publish","4":"format-standard","5":"has-post-thumbnail","7":"category-people","8":"tag-casino-de-paris","9":"tag-communique-de-presse","10":"tag-danse-avec-les-stars","11":"tag-divertissement","12":"tag-entertainment","13":"tag-fr","14":"tag-france","15":"tag-ines-reg","16":"tag-people","17":"tag-reg"},"share_on_mastodon":{"url":"https:\/\/pubeurope.com\/@fr\/114563108248246980","error":""},"_links":{"self":[{"href":"https:\/\/www.europesays.com\/fr\/wp-json\/wp\/v2\/posts\/124619","targetHints":{"allow":["GET"]}}],"collection":[{"href":"https:\/\/www.europesays.com\/fr\/wp-json\/wp\/v2\/posts"}],"about":[{"href":"https:\/\/www.europesays.com\/fr\/wp-json\/wp\/v2\/types\/post"}],"author":[{"embeddable":true,"href":"https:\/\/www.europesays.com\/fr\/wp-json\/wp\/v2\/users\/2"}],"replies":[{"embeddable":true,"href":"https:\/\/www.europesays.com\/fr\/wp-json\/wp\/v2\/comments?post=124619"}],"version-history":[{"count":0,"href":"https:\/\/www.europesays.com\/fr\/wp-json\/wp\/v2\/posts\/124619\/revisions"}],"wp:featuredmedia":[{"embeddable":true,"href":"https:\/\/www.europesays.com\/fr\/wp-json\/wp\/v2\/media\/124620"}],"wp:attachment":[{"href":"https:\/\/www.europesays.com\/fr\/wp-json\/wp\/v2\/media?parent=124619"}],"wp:term":[{"taxonomy":"category","embeddable":true,"href":"https:\/\/www.europesays.com\/fr\/wp-json\/wp\/v2\/categories?post=124619"},{"taxonomy":"post_tag","embeddable":true,"href":"https:\/\/www.europesays.com\/fr\/wp-json\/wp\/v2\/tags?post=124619"}],"curies":[{"name":"wp","href":"https:\/\/api.w.org\/{rel}","templated":true}]}}