{"id":124623,"date":"2025-05-24T13:45:14","date_gmt":"2025-05-24T13:45:14","guid":{"rendered":"https:\/\/www.europesays.com\/fr\/124623\/"},"modified":"2025-05-24T13:45:14","modified_gmt":"2025-05-24T13:45:14","slug":"le-book-book-de-mobilivre-va-sillonner-le-pays-duzes","status":"publish","type":"post","link":"https:\/\/www.europesays.com\/fr\/124623\/","title":{"rendered":"Le \u00ab\u00a0Book-book\u00a0\u00bb de Mobilivre va sillonner le Pays d&rsquo;Uz\u00e8s"},"content":{"rendered":"<p><img loading=\"lazy\" decoding=\"async\" alt=\"M.R. - Le &quot;Book-book&quot; de Mobilivre va parcourir l'Uz\u00e8ge, ramenant le livre et la culture au c\u0153ur des villages en partenariat avec la Librairie de la place aux Herbes.\" data-zoom-src=\"https:\/\/www.europesays.com\/fr\/wp-content\/uploads\/2025\/05\/initial-mobilivre.jpg\" data-zoomable=\"\" height=\"702\" src=\"https:\/\/www.europesays.com\/fr\/wp-content\/uploads\/2025\/05\/initial-mobilivre.jpg\" width=\"1248\"\/>  <\/p>\n<p class=\"article-desc\">M.R. &#8211; Le \u00ab\u00a0Book-book\u00a0\u00bb de Mobilivre va parcourir l&rsquo;Uz\u00e8ge, ramenant le livre et la culture au c\u0153ur des villages en partenariat avec la Librairie de la place aux Herbes. <\/p>\n<p><strong>Mobillivre, <\/strong>c&rsquo;est le projet un peu fou lanc\u00e9 par Jean-Pierre Martin pour la premi\u00e8re fois en Uz\u00e8ge. \u00ab\u00a0C&rsquo;est une id\u00e9e n\u00e9e en 2020 \u00e0 la suite d&rsquo;un appel \u00e0 projet du minist\u00e8re de la Culture\u00a0\u00bb, raconte celui qui a longtemps travaill\u00e9 dans l\u2019organisation des Tourn\u00e9es du livre de poche sur les plages. Le Covid ayant mis un coup d&rsquo;arr\u00eat \u00e0 ce dispositif minist\u00e9riel, c&rsquo;est par ses propres moyens, et notamment via une campagne de financement participatif,\u00a0que l&rsquo;entrepreneur a d\u00e9cid\u00e9 de construire son projet.\u00a0 <\/p>\n<p>Un<strong> tuk-tuk <\/strong>\u00e9lectrique a ainsi \u00e9t\u00e9 achet\u00e9 en Turquie et totalement r\u00e9am\u00e9nag\u00e9 pour devenir le \u00ab\u00a0Book-book\u00a0\u00bb Mobilivre, estampill\u00e9 Librairie de la place aux Herbes. <\/p>\n<p> <img decoding=\"async\" alt=\"\" class=\"img-size-limited\" data-zoomable=\"\" loading=\"lazy\" src=\"https:\/\/www.europesays.com\/fr\/wp-content\/uploads\/2025\/05\/mobilivre-2.jpg\"\/> Le \u00ab\u00a0Book-book\u00a0\u00bb de Mobilivre va arpenter les villages de l&rsquo;Uz\u00e8ge tout l&rsquo;\u00e9t\u00e9. Apporter la lecture et la culture en milieu rural\u00a0 <\/p>\n<p>Le principe de base est d&rsquo;amener la culture l\u00e0 o\u00f9 elle est parfois moins pr\u00e9sente, au c\u0153ur des villages ruraux. \u00ab\u00a0En Pays d&rsquo;Uz\u00e8s, on ne peut pas dire que la culture ne soit pas d\u00e9j\u00e0 l&rsquo;objet de nombreuses manifestations organis\u00e9es notamment par les associations locales, se r\u00e9jouit Jean-Pierre Martin. Nous allons venir en compl\u00e9ment\u00a0\u00bb. <\/p>\n<p>Avec Mobilivre, il souhaite proposer \u00e0 chaque arr\u00eat de son <strong>\u00ab\u00a0Book-book\u00a0\u00bb<\/strong> non seulement une r\u00e9serve de livres s\u00e9lectionn\u00e9s parmi des collections d&rsquo;\u00e9diteurs ind\u00e9pendants, mais aussi les commandes faites aupr\u00e8s de la <a href=\"https:\/\/mesinfos.fr\/30700-uzes\/en-mai-la-sensibilite-au-coeur-des-rencontres-de-la-librairie-a-uzes-221622.html\" rel=\"noopener\" target=\"_blank\">Librairie de la place aux Herbes.<\/a> \u00ab\u00a0Le lecteur doit s&rsquo;inscrire sur notre plateforme et choisir les livres qu&rsquo;il souhaite se faire livrer\u00a0\u00bb. Un fonds de livre est aussi accessible sans r\u00e9servation directement dans l&rsquo;estafette.\u00a0<\/p>\n<p> Des arr\u00eats de Mobilivre dans les 35 villages du Pays d&rsquo;Uz\u00e8s <\/p>\n<p>Les tourn\u00e9es seront organis\u00e9es au d\u00e9part d&rsquo;Uz\u00e8s sur cinq lignes traversant sept villages. \u00ab\u00a0Il y aura un passage par semaine dans chacun des 35 villages du Pays d&rsquo;Uz\u00e8s\u00a0\u00bb, annonce Jean-Pierre Martin. Un peu comme un marchand de glaces, une petite musique signalera l&rsquo;arriv\u00e9e du \u00ab\u00a0Book-book\u00a0\u00bb au centre du village. \u00ab\u00a0\u00c0 noter qu&rsquo;il est conduit par une vraie libraire qui pourra donc conseiller sur les lectures\u00a0\u00bb.\u00a0 <\/p>\n<p>Des animations pr\u00e9vues avec le \u00ab\u00a0Book-book\u00a0\u00bb <\/p>\n<p>En plus de proposer de la lecture, cette initiative sera compl\u00e9t\u00e9e par des animations. <strong>D\u00e9dicaces d&rsquo;auteurs, ateliers, <\/strong>mais aussi des projections sont pr\u00e9vues. <\/p>\n<p>La f\u00eate devrait aussi \u00eatre au rendez-vous <strong>mardi 27 mai 2025, <\/strong>pour la pr\u00e9sentation du \u00ab\u00a0Book-book\u00a0\u00bb de Mobilivre sur la place aux Herbes d&rsquo;Uz\u00e8s, de 17h \u00e0 22h. Les tourn\u00e9es d\u00e9buteront d\u00e8s le lendemain et jusqu&rsquo;\u00e0 la fin de l&rsquo;\u00e9t\u00e9 pour le moment.\u00a0 <\/p>\n","protected":false},"excerpt":{"rendered":"M.R. &#8211; Le \u00ab\u00a0Book-book\u00a0\u00bb de Mobilivre va parcourir l&rsquo;Uz\u00e8ge, ramenant le livre et la culture au c\u0153ur des&hellip;\n","protected":false},"author":2,"featured_media":124624,"comment_status":"","ping_status":"","sticky":false,"template":"","format":"standard","meta":{"footnotes":""},"categories":[1357],"tags":[1379,24725,58,59,1011,27,2046,24724,1380],"class_list":{"0":"post-124623","1":"post","2":"type-post","3":"status-publish","4":"format-standard","5":"has-post-thumbnail","7":"category-livres","8":"tag-books","9":"tag-culture-en-milieu-rural","10":"tag-divertissement","11":"tag-entertainment","12":"tag-fr","13":"tag-france","14":"tag-lecture","15":"tag-librairie-de-la-place-aux-herbes","16":"tag-livres"},"share_on_mastodon":{"url":"https:\/\/pubeurope.com\/@fr\/114563116262613961","error":""},"_links":{"self":[{"href":"https:\/\/www.europesays.com\/fr\/wp-json\/wp\/v2\/posts\/124623","targetHints":{"allow":["GET"]}}],"collection":[{"href":"https:\/\/www.europesays.com\/fr\/wp-json\/wp\/v2\/posts"}],"about":[{"href":"https:\/\/www.europesays.com\/fr\/wp-json\/wp\/v2\/types\/post"}],"author":[{"embeddable":true,"href":"https:\/\/www.europesays.com\/fr\/wp-json\/wp\/v2\/users\/2"}],"replies":[{"embeddable":true,"href":"https:\/\/www.europesays.com\/fr\/wp-json\/wp\/v2\/comments?post=124623"}],"version-history":[{"count":0,"href":"https:\/\/www.europesays.com\/fr\/wp-json\/wp\/v2\/posts\/124623\/revisions"}],"wp:featuredmedia":[{"embeddable":true,"href":"https:\/\/www.europesays.com\/fr\/wp-json\/wp\/v2\/media\/124624"}],"wp:attachment":[{"href":"https:\/\/www.europesays.com\/fr\/wp-json\/wp\/v2\/media?parent=124623"}],"wp:term":[{"taxonomy":"category","embeddable":true,"href":"https:\/\/www.europesays.com\/fr\/wp-json\/wp\/v2\/categories?post=124623"},{"taxonomy":"post_tag","embeddable":true,"href":"https:\/\/www.europesays.com\/fr\/wp-json\/wp\/v2\/tags?post=124623"}],"curies":[{"name":"wp","href":"https:\/\/api.w.org\/{rel}","templated":true}]}}