{"id":124662,"date":"2025-05-24T14:07:15","date_gmt":"2025-05-24T14:07:15","guid":{"rendered":"https:\/\/www.europesays.com\/fr\/124662\/"},"modified":"2025-05-24T14:07:15","modified_gmt":"2025-05-24T14:07:15","slug":"festival-ecoute-et-goute-ventouxprovence","status":"publish","type":"post","link":"https:\/\/www.europesays.com\/fr\/124662\/","title":{"rendered":"Festival \u00c9coute et Go\u00fbte &#8211; VentouxProvence"},"content":{"rendered":"<p>16 rendez-vous dans tout le village le samedi, rien que \u00e7a !\u00a0Un festival ouvert \u00e0 tous les publics, enfants, ados, adultes\u2026 et enti\u00e8rement gratuit.<\/p>\n<ul class=\"ul--rte\">\n<li>rencontres d&rsquo;auteur,<\/li>\n<li>promenade cont\u00e9e<\/li>\n<li>contes,<\/li>\n<li>lecture,<\/li>\n<li>table ronde,<\/li>\n<li>atelier jeune public,<\/li>\n<li>lecture po\u00e9tique,<\/li>\n<li>atelier d&rsquo;\u00e9criture,<\/li>\n<li>lecture musicale \u00ab\u00a0d\u00e9sirer\u00a0\u00bb sur la terrasse du ch\u00e2teau<\/li>\n<li>projection lecture spectacle<\/li>\n<\/ul>\n<p>Et encore&#8230; 13 rendez-vous dans tout le village le dimanche<\/p>\n<p><a href=\"https:\/\/www.ecoute-et-goute.com\/programme\/\" target=\"_blank\" rel=\"noreferrer noopener\">Voir tout le programme du festival Ecoute et Go\u00fbte<\/a><\/p>\n","protected":false},"excerpt":{"rendered":"16 rendez-vous dans tout le village le samedi, rien que \u00e7a !\u00a0Un festival ouvert \u00e0 tous les publics,&hellip;\n","protected":false},"author":2,"featured_media":124663,"comment_status":"","ping_status":"","sticky":false,"template":"","format":"standard","meta":{"footnotes":""},"categories":[9566],"tags":[1111,11,2430,24734,24731,1777,674,1011,27,2731,24733,24729,12,25,24730,24732],"class_list":{"0":"post-124662","1":"post","2":"type-post","3":"status-publish","4":"format-standard","5":"has-post-thumbnail","7":"category-grenoble","8":"tag-actu","9":"tag-actualites","10":"tag-auvergne-rhone-alpes","11":"tag-communaute-dagglomeration-ventoux","12":"tag-comtat-venessain","13":"tag-eu","14":"tag-europe","15":"tag-fr","16":"tag-france","17":"tag-grenoble","18":"tag-la-communaute-dagglomeration-ventoux-comtat-venaissin","19":"tag-la-cove","20":"tag-news","21":"tag-republique-francaise","22":"tag-ventoux","23":"tag-ville-de-carpentras"},"share_on_mastodon":{"url":"https:\/\/pubeurope.com\/@fr\/114563202706261868","error":""},"_links":{"self":[{"href":"https:\/\/www.europesays.com\/fr\/wp-json\/wp\/v2\/posts\/124662","targetHints":{"allow":["GET"]}}],"collection":[{"href":"https:\/\/www.europesays.com\/fr\/wp-json\/wp\/v2\/posts"}],"about":[{"href":"https:\/\/www.europesays.com\/fr\/wp-json\/wp\/v2\/types\/post"}],"author":[{"embeddable":true,"href":"https:\/\/www.europesays.com\/fr\/wp-json\/wp\/v2\/users\/2"}],"replies":[{"embeddable":true,"href":"https:\/\/www.europesays.com\/fr\/wp-json\/wp\/v2\/comments?post=124662"}],"version-history":[{"count":0,"href":"https:\/\/www.europesays.com\/fr\/wp-json\/wp\/v2\/posts\/124662\/revisions"}],"wp:featuredmedia":[{"embeddable":true,"href":"https:\/\/www.europesays.com\/fr\/wp-json\/wp\/v2\/media\/124663"}],"wp:attachment":[{"href":"https:\/\/www.europesays.com\/fr\/wp-json\/wp\/v2\/media?parent=124662"}],"wp:term":[{"taxonomy":"category","embeddable":true,"href":"https:\/\/www.europesays.com\/fr\/wp-json\/wp\/v2\/categories?post=124662"},{"taxonomy":"post_tag","embeddable":true,"href":"https:\/\/www.europesays.com\/fr\/wp-json\/wp\/v2\/tags?post=124662"}],"curies":[{"name":"wp","href":"https:\/\/api.w.org\/{rel}","templated":true}]}}